{"id":338,"date":"2017-03-12T05:23:25","date_gmt":"2017-03-12T05:23:25","guid":{"rendered":"http:\/\/www.rozalia.kielce.opoka.org.pl\/?p=338"},"modified":"2017-03-12T05:23:25","modified_gmt":"2017-03-12T05:23:25","slug":"ogloszenia-duszpasterskie-12-marca-2017r","status":"publish","type":"post","link":"http:\/\/www.rozalia-zagnansk.pl\/?p=338","title":{"rendered":"Og\u0142oszenia duszpasterskie 12 marca 2017r."},"content":{"rendered":"<p><strong>Og\u0142oszenia duszpasterskie \u2013 12 marca 2017 r.<\/strong><\/p>\n<p>&nbsp;<\/p>\n<p>Prze\u017cywamy dzisiaj II Niedziel\u0119 Wielkiego Postu \u2013 Pan m\u00f3wi dzisiaj:<\/p>\n<p>&nbsp;<\/p>\n<p>Czy mia\u0142e\u015b kiedykolwiek pragnienie aby zobaczy\u0107 Jezusa twarz\u0105 w twarz ? Tak jak tego do\u015bwiadczali uczniowie Pana? Czas Wielkiego Postu jest szans\u0105 aby do\u015bwiadczy\u0107 dotkni\u0119cia Pana. Uzyska\u0107 ten pok\u00f3j o kt\u00f3rym On m\u00f3wi: Pok\u00f3j m\u00f3j daj\u0119 wam, nie tak jak daje \u015bwiat ! Aby powiedzie\u0107 Panu; dobrze, \u017ce tu jeste\u015bmy!<\/p>\n<p>Co nam trzeba czyni\u0107? Zdoby\u0107 si\u0119 na odwag\u0119 i wyj\u015b\u0107 jak Abraham ze swoich przyzwyczaje\u0144, opinii o drugim cz\u0142owieku, pow\u015bci\u0105gn\u0105\u0107 j\u0119zyk, odm\u00f3wi\u0107 sobie konkretnych przyjemno\u015bci, znale\u017a\u0107 czas na osobist\u0105 modlitw\u0119, zacz\u0105\u0107 praktykowa\u0107 post i mie\u0107 m\u0119stwo do praktykowania ja\u0142mu\u017cny.\u00a0 Pozw\u00f3l Jezusowi aby ciebie, jak uczni\u00f3w wzi\u0105\u0142 na wysok\u0105 g\u00f3r\u0119 \u00a0\u00a0\u00a0i tam wobec Ciebie si\u0119 przemieni\u0142.<\/p>\n<p>We\u017a udzia\u0142 w trudach i przeciwno\u015bciach znoszonych dla Ewangelii wed\u0142ug danej mocy Boga !!!<\/p>\n<p>Tradycyjnie ju\u017c II niedziela Wielkiego Postu jest obchodzona w Polsce jako Dzie\u0144 Modlitwy, Postu i Solidarno\u015bci z Misjonarzami. W tym roku has\u0142em Dnia s\u0105 s\u0142owa: &#8222;Gdzie misjonarze &#8211; tam nadzieja&#8221;. Tam, gdzie docieraj\u0105 misjonarze, odradza si\u0119 i umacnia nadzieja. S\u0105 oni &#8222;dobrzy, jak chleb&#8221;, dziel\u0105c si\u0119 tym, co posiadaj\u0105 \u2013 zbi\u00f3rka do puszek przed ko\u015bcio\u0142em na ten cel.<\/p>\n<p>Przez ca\u0142y okres Wielkiego Postu sprawowane s\u0105 w naszej \u015bwi\u0105tyni nabo\u017ce\u0144stwa okresowe: Droga Krzy\u017cowa i Gorzkie \u017bale. Zapraszamy dzieci, m\u0142odzie\u017c i doros\u0142ych do uczestniczenia w tych nabo\u017ce\u0144stwach. Droga Krzy\u017cowa w ka\u017cdy pi\u0105tek po Mszy \u015bw. o godz. 17.00 a\u00a0Gorzkie \u017bale w ka\u017cd\u0105 niedziel\u0119 po Mszy o godz. 16.00.<\/p>\n<p>Wyra\u017cam rado\u015b\u0107, \u017ce ma\u0142ymi kroczkami tworzy si\u0119 Rada Rycerzy Kolumba przy naszej parafii. Za nami pierwsze spotkanie. Dzi\u0119kuj\u0119 tym Panom kt\u00f3rzy odpowiedzieli na moje zaproszenie. Kolejne spotkanie za\u0142o\u017cycielskie 23 marca o godz. 18.00 na plebani \u2013 zapraszam ch\u0119tnych i m\u0119\u017cnych Pan\u00f3w.<\/p>\n<p>18 marca, w najbli\u017csz\u0105 sobot\u0119, Rycerstwo Niepokalanej zaprasza na XX Wielkopostn\u0105 Pielgrzymk\u0119 Pokutn\u0105 na Kalwari\u0119 \u015awi\u0119tokrzysk\u0105 do Morawicy. Rozpocz\u0119cie o godz. 8.45; Eucharystia o godz. 10.00 a Droga Krzy\u017cowa o 11.15. Telefon do Organizatorki 41\u00a0311 30 53 Diecezjalny Asystent Rycerstwa Niepokalanej pisze: Pragn\u0119 zaprosi\u0107 tym bardziej, \u017ce jest to rok jubileuszu 100-lecia powstania Rycerstwa Niepokalanej oraz 100-lecia objawie\u0144 fatimskich, w kt\u00f3rych Maryja wzywa nas wszystkich do podj\u0119cia modlitwy i pokuty. Uroczystej Eucharystii przewodniczy\u0142 b\u0119dzie Ksi\u0105dz Biskup Ordynariusz Jan Piotrowski.<\/p>\n<p>Warto zainteresowa\u0107 si\u0119 mo\u017cliwo\u015bci\u0105 przekazania jednego procenta, na cenne inicjatywy duszpastersko &#8211; spo\u0142eczne. Duszpasterstwo ministrant\u00f3w apeluje o przekazanie jednego procenta na formacj\u0119 dzieci i m\u0142odzie\u017cy do liturgicznej s\u0142u\u017cby o\u0142tarza, szczeg\u00f3\u0142y na stronie:<\/p>\n<p><a href=\"http:\/\/ministranci.diecezja.kielce.pl\/1-podatku\/\">http:\/\/ministranci.diecezja.kielce.pl\/1-podatku\/<\/a><\/p>\n<p>lub na Stowarzyszenie \u201eNadzieja Rodzinie\u201d, kt\u00f3re prowadzi nasz klub Wolna Strefa:<\/p>\n<p><a href=\"http:\/\/stowarzyszenie.nadziejarodzinie.org.pl\/index.php?id=275\">http:\/\/stowarzyszenie.nadziejarodzinie.org.pl\/index.php?id=275<\/a><\/p>\n<p>&nbsp;<\/p>\n<p>Zbli\u017ca si\u0119 25 marca, czyli Uroczysto\u015b\u0107 Zwiastowania Naj\u015bwi\u0119tszej Maryi Pannie i zwi\u0105zane z ni\u0105 Dzie\u0142o Duchowej Adopcji Dziecka Pocz\u0119tego.<\/p>\n<p>W naszej diecezji b\u0119dziemy to wydarzenie prze\u017cywa\u0107 pod przewodnictwem Pasterza Ko\u015bcio\u0142a Kieleckiego, Ks. Biskupa Jana Piotrowskiego w bazylice katedralnej \u2013 szczeg\u00f3\u0142y w gablocie parafialnej.<\/p>\n<p>Za dwa tygodnie rozpoczniemy Rekolekcje Wielkopostne. Prosz\u0119 o modlitw\u0119 za ten czas, za Ojca Rekolekcjonist\u0119, kap\u0142an\u00f3w pos\u0142uguj\u0105cych Sakramentem Pokuty i Pojednania i nas aby\u015bmy dobrze prze\u017cyli ten czas.<\/p>\n<p>&nbsp;<\/p>\n<p>Drugiej grupie sprz\u0105taj\u0105cej ze \u015aci\u0119gien dzi\u0119kujemy za przygotowanie naszej \u015bwi\u0105tyni do dzisiejszej niedzieli oraz z\u0142o\u017con\u0105 ofiar\u0119 w kwocie 220 z\u0142. Msza \u015bw. w intencji tej grupy sprawowana b\u0119dzie 26 kwietnia o godz. 8.00.<\/p>\n<p>Za tydzie\u0144, w sobot\u0119, na godz. 9.oo zapraszamy kolejne dziesi\u0119\u0107 rodzin ze \u015aci\u0119gien do sprz\u0105tania ko\u015bcio\u0142a.<\/p>\n<p>&nbsp;<\/p>\n<p>Niedzielnik do pobrania<\/p>\n<p><a href=\"http:\/\/www.rozalia.kielce.opoka.org.pl\/wp-content\/uploads\/2017\/03\/Niedzielnik-12.03.2017.pdf\">niedzielnik-12-03-2017<\/a><\/p>\n ","protected":false},"excerpt":{"rendered":"<p>Og\u0142oszenia duszpasterskie \u2013 12 marca 2017 r. &nbsp; Prze\u017cywamy dzisiaj II Niedziel\u0119 Wielkiego Postu \u2013 Pan m\u00f3wi dzisiaj: &nbsp; Czy mia\u0142e\u015b kiedykolwiek [&hellip;]<\/p>\n","protected":false},"author":1,"featured_media":0,"comment_status":"closed","ping_status":"open","sticky":false,"template":"","format":"standard","meta":{"_acf_changed":false,"jetpack_post_was_ever_published":false,"_jetpack_newsletter_access":"","_jetpack_dont_email_post_to_subs":false,"_jetpack_newsletter_tier_id":0,"_jetpack_memberships_contains_paywalled_content":false,"_jetpack_memberships_contains_paid_content":false,"footnotes":"","jetpack_publicize_message":"","jetpack_publicize_feature_enabled":true,"jetpack_social_post_already_shared":false,"jetpack_social_options":{"image_generator_settings":{"template":"highway","enabled":false},"version":2}},"categories":[3],"tags":[],"class_list":["post-338","post","type-post","status-publish","format-standard","hentry","category-ogloszenia"],"jetpack_publicize_connections":[],"acf":[],"jetpack_featured_media_url":"","jetpack_sharing_enabled":true,"jetpack_shortlink":"https:\/\/wp.me\/paz7cl-5s","_links":{"self":[{"href":"http:\/\/www.rozalia-zagnansk.pl\/index.php?rest_route=\/wp\/v2\/posts\/338","targetHints":{"allow":["GET"]}}],"collection":[{"href":"http:\/\/www.rozalia-zagnansk.pl\/index.php?rest_route=\/wp\/v2\/posts"}],"about":[{"href":"http:\/\/www.rozalia-zagnansk.pl\/index.php?rest_route=\/wp\/v2\/types\/post"}],"author":[{"embeddable":true,"href":"http:\/\/www.rozalia-zagnansk.pl\/index.php?rest_route=\/wp\/v2\/users\/1"}],"replies":[{"embeddable":true,"href":"http:\/\/www.rozalia-zagnansk.pl\/index.php?rest_route=%2Fwp%2Fv2%2Fcomments&post=338"}],"version-history":[{"count":1,"href":"http:\/\/www.rozalia-zagnansk.pl\/index.php?rest_route=\/wp\/v2\/posts\/338\/revisions"}],"predecessor-version":[{"id":340,"href":"http:\/\/www.rozalia-zagnansk.pl\/index.php?rest_route=\/wp\/v2\/posts\/338\/revisions\/340"}],"wp:attachment":[{"href":"http:\/\/www.rozalia-zagnansk.pl\/index.php?rest_route=%2Fwp%2Fv2%2Fmedia&parent=338"}],"wp:term":[{"taxonomy":"category","embeddable":true,"href":"http:\/\/www.rozalia-zagnansk.pl\/index.php?rest_route=%2Fwp%2Fv2%2Fcategories&post=338"},{"taxonomy":"post_tag","embeddable":true,"href":"http:\/\/www.rozalia-zagnansk.pl\/index.php?rest_route=%2Fwp%2Fv2%2Ftags&post=338"}],"curies":[{"name":"wp","href":"https:\/\/api.w.org\/{rel}","templated":true}]}}