{"id":318,"date":"2017-03-04T20:10:19","date_gmt":"2017-03-04T20:10:19","guid":{"rendered":"http:\/\/www.rozalia.kielce.opoka.org.pl\/?p=318"},"modified":"2017-03-04T20:10:19","modified_gmt":"2017-03-04T20:10:19","slug":"intencje-10","status":"publish","type":"post","link":"http:\/\/www.rozalia-zagnansk.pl\/?p=318","title":{"rendered":"Intencje"},"content":{"rendered":"<p><strong><u>INTENCJE MSZALNE \u00a0\u00a0\u00a0\u00a0\u00a0 06.03. 2017 \u2013 12.03.2017<\/u><\/strong><\/p>\n<p>&nbsp;<\/p>\n<p><strong><u>Poniedzia\u0142ek 06.03<\/u><\/strong>.<\/p>\n<p>17.30 + Kazimierza Wro\u0144skiego<\/p>\n<p>&nbsp;<\/p>\n<p><strong><u>Wtorek 07.03<\/u><\/strong><\/p>\n<p>&nbsp;<\/p>\n<p>17.00<\/p>\n<p>&nbsp;<\/p>\n<p><strong><u>\u015aroda 08.03<\/u><\/strong><\/p>\n<p>17.00 + Heleny Papros od kole\u017canek z pracy c\u00f3rki<\/p>\n<p>&nbsp;<\/p>\n<p><strong><u>Czwartek 09.03<\/u><\/strong><\/p>\n<p>17.00 + Piotra Czarneckiego od kole\u017canek i koleg\u00f3w z Wydz. Obs\u0142ugi<\/p>\n<p>i\u00a0 Infrastruktury<\/p>\n<p>&nbsp;<\/p>\n<p><strong><u>Pi\u0105tek 10.03<\/u><\/strong><\/p>\n<p>17.00 + Piotra Czarneckiego od uczest. pogrzebu w 30 dniu od pogrzebu<\/p>\n<p>&nbsp;<\/p>\n<p><strong><u>Sobota 11.03<\/u><\/strong><\/p>\n<p>8.00 + J\u00f3zefa Papros od uczest. pogrzebu w 30 dniu od pogrzebu<\/p>\n<p>&nbsp;<\/p>\n<p><strong><u>Niedziela 12.03<\/u><\/strong><\/p>\n<p><strong>8.00<\/strong><\/p>\n<p>+ Leokadii Machura od rodz. Pedrycz\u00f3w<\/p>\n<p>+ Rozalii Piotra Dziedzic, Bronis\u0142awy W\u0142adys\u0142awa Zagda\u0144skich,<\/p>\n<p>Mieczys\u0142awa M\u0142odawskiego.<\/p>\n<p>+ \u0141ucji W\u0142adys\u0142awy Czes\u0142awy Janik<\/p>\n<p>+ Jana Jonczyk od chrze\u015bniaka Mariusza z \u017con\u0105<\/p>\n<p>+ Haliny Dzia\u0142ak od swat\u00f3w Jakubowicz\u00f3w<\/p>\n<p>+ Ks. Pra\u0142ata Tadeusza od mieszk. ul. Wrzosowej<\/p>\n<p>+ Wincentego Mondzik od brata Ryszarda z rodz.<\/p>\n<p>+ Piotra Ch\u0142opek od Grzegorza Ch\u0142opek z rodz.<\/p>\n<p>O zdrowie i szcz\u0119\u015bliw\u0105 operacj\u0119 dla Bogus\u0142awy<\/p>\n<p>&nbsp;<\/p>\n<p><strong>10.00<\/strong><\/p>\n<p>+ Alberta Dobrowolskiego od syna Macieja z rodz.<\/p>\n<p>+ Grzegorza Wydrych<\/p>\n<p>+ Kazimierza Zagna\u0144skiego<\/p>\n<p>+ Katarzyny Wawszczak w 14 rocz. \u015bmierci<\/p>\n<p>+ Stefana Starz w 12\u00a0 rocz. \u015bmierci od dzieci z rodz.<\/p>\n<p>+ Henryka w 8 rocz. \u015bmierci W\u0142adys\u0142awa Katarzyny W\u0142adys\u0142awa Bracha, Stanis\u0142awy Mieczys\u0142awa Eugenii J\u00f3zefa B\u0142o\u0144skich<\/p>\n<p>+ W rocz. \u015bmierci babci J\u00f3zefy Salwa oraz zm. z rodz. Janucht\u00f3w, Salw\u00f3w i\u00a0 Zieli\u0144skich<\/p>\n<p>+ Janiny J\u00f3zefa Papros od syna Jerzego z rodz.<\/p>\n<p>+ Heleny Wiech, W\u0142adys\u0142awy Stanis\u0142awa Zarzyckich od wnuczek Sylwii i Moniki z rodz.<\/p>\n<p>+ Kazimiery Januchta od m\u0119\u017ca i dzieci<\/p>\n<p>O zdrowie i Bo\u017ce b\u0142og. dla Heleny Dziedzic i opiek\u0119 M. B.\u00a0 z racji Imienin<\/p>\n<p>Z okazji 18 rocz. urodzin Anny z pro\u015bb\u0105 o moc Ducha \u015awi\u0119tego i opiek\u0119 Matki Naj\u015bwi\u0119tszej<\/p>\n<p>Do Serca Jezusowego, Matki Bo\u017cej Nieustaj\u0105cej Pomocy o zdrowie, Bo\u017ce b\u0142og. dla cz\u0142onk\u00f3w Patronki dobrej \u015bmierci i ich rodzin, chorych i samotnych<\/p>\n<p>&nbsp;<\/p>\n<p><strong>12.00 <\/strong><\/p>\n<p>+ Henryka w 7 rocz. \u015bmierci i Stanis\u0142awa Jo\u0144czyk, Mariana Miros\u0142awa Janik<\/p>\n<p>+ Kazimierza Wro\u0144skiego, Heleny W\u0142adys\u0142awa Bia\u0142ek<\/p>\n<p>+ Izydora Salwy od rodz. Tkacz\u00f3w i D\u0105browskich<\/p>\n<p>+ Stefanii Jakuba Kazimierza Stanis\u0142awa Ga\u0142a<\/p>\n<p>+ Wincentego Wi\u015bniewskiego od uczest. pogrzebu z Zache\u0142mia<\/p>\n<p>+ Jozefa Heleny Papros od rodz. Dziedzic\u00f3w<\/p>\n<p>W intencji ks. Grzegorza S\u0119ka i ks. Grzegorza Kaliszewskiego z racji Imienin od Apostolatu Margaretka z pro\u015bba o Bo\u017ce b\u0142og. i potrzebne \u0142aski<\/p>\n<p>&nbsp;<\/p>\n<p><strong>16.00<\/strong><\/p>\n<p>+ Mariana Gos od bratanic Jadwigi, Miros\u0142awy i Bogus\u0142awy<\/p>\n<p>W 18 rocz. ur. Weroniki z pro\u015bb\u0105 o moc Ducha \u015awi\u0119tego i wszelkie potrzebne \u0142aski z intencji rodzic\u00f3w i siostry.<\/p>\n ","protected":false},"excerpt":{"rendered":"<p>INTENCJE MSZALNE \u00a0\u00a0\u00a0\u00a0\u00a0 06.03. 2017 \u2013 12.03.2017 &nbsp; Poniedzia\u0142ek 06.03. 17.30 + Kazimierza Wro\u0144skiego &nbsp; Wtorek 07.03 &nbsp; 17.00 &nbsp; \u015aroda 08.03 [&hellip;]<\/p>\n","protected":false},"author":1,"featured_media":0,"comment_status":"open","ping_status":"open","sticky":false,"template":"","format":"standard","meta":{"_acf_changed":false,"jetpack_post_was_ever_published":false,"_jetpack_newsletter_access":"","_jetpack_dont_email_post_to_subs":false,"_jetpack_newsletter_tier_id":0,"_jetpack_memberships_contains_paywalled_content":false,"_jetpack_memberships_contains_paid_content":false,"footnotes":"","jetpack_publicize_message":"","jetpack_publicize_feature_enabled":true,"jetpack_social_post_already_shared":false,"jetpack_social_options":{"image_generator_settings":{"template":"highway","enabled":false},"version":2}},"categories":[1],"tags":[],"class_list":["post-318","post","type-post","status-publish","format-standard","hentry","category-uncategorized"],"jetpack_publicize_connections":[],"acf":[],"jetpack_featured_media_url":"","jetpack_sharing_enabled":true,"jetpack_shortlink":"https:\/\/wp.me\/paz7cl-58","_links":{"self":[{"href":"http:\/\/www.rozalia-zagnansk.pl\/index.php?rest_route=\/wp\/v2\/posts\/318","targetHints":{"allow":["GET"]}}],"collection":[{"href":"http:\/\/www.rozalia-zagnansk.pl\/index.php?rest_route=\/wp\/v2\/posts"}],"about":[{"href":"http:\/\/www.rozalia-zagnansk.pl\/index.php?rest_route=\/wp\/v2\/types\/post"}],"author":[{"embeddable":true,"href":"http:\/\/www.rozalia-zagnansk.pl\/index.php?rest_route=\/wp\/v2\/users\/1"}],"replies":[{"embeddable":true,"href":"http:\/\/www.rozalia-zagnansk.pl\/index.php?rest_route=%2Fwp%2Fv2%2Fcomments&post=318"}],"version-history":[{"count":1,"href":"http:\/\/www.rozalia-zagnansk.pl\/index.php?rest_route=\/wp\/v2\/posts\/318\/revisions"}],"predecessor-version":[{"id":319,"href":"http:\/\/www.rozalia-zagnansk.pl\/index.php?rest_route=\/wp\/v2\/posts\/318\/revisions\/319"}],"wp:attachment":[{"href":"http:\/\/www.rozalia-zagnansk.pl\/index.php?rest_route=%2Fwp%2Fv2%2Fmedia&parent=318"}],"wp:term":[{"taxonomy":"category","embeddable":true,"href":"http:\/\/www.rozalia-zagnansk.pl\/index.php?rest_route=%2Fwp%2Fv2%2Fcategories&post=318"},{"taxonomy":"post_tag","embeddable":true,"href":"http:\/\/www.rozalia-zagnansk.pl\/index.php?rest_route=%2Fwp%2Fv2%2Ftags&post=318"}],"curies":[{"name":"wp","href":"https:\/\/api.w.org\/{rel}","templated":true}]}}