{"id":313,"date":"2017-03-04T20:01:10","date_gmt":"2017-03-04T20:01:10","guid":{"rendered":"http:\/\/www.rozalia.kielce.opoka.org.pl\/?p=313"},"modified":"2017-03-04T20:07:02","modified_gmt":"2017-03-04T20:07:02","slug":"ogloszenia-duszpasterskie-5-marca-2017r","status":"publish","type":"post","link":"http:\/\/www.rozalia-zagnansk.pl\/?p=313","title":{"rendered":"Og\u0142oszenia duszpasterskie 5 marca 2017r."},"content":{"rendered":"<p>Og\u0142oszenia duszpasterskie 05 marca 2017 r.<\/p>\n<p>&nbsp;<\/p>\n<p>\u015arod\u0105 Popielcow\u0105 rozpocz\u0119li\u015bmy czas Wielkiego Postu 40 dni zmagania si\u0119 z prawd\u0105 o sobie w blasku Chrystusowego Krzy\u017ca. B\u00f3g chce nas wyprowadzi\u0107 na pustyni\u0119 naszego \u017cycia, aby skonfrontowa\u0107 nasze drogi z drogami Pana. Bo mo\u017ce by\u0107 tak, \u017ce kusiciel za cen\u0119 chleba odwi\u00f3d\u0142 nas od mocy Bo\u017cego S\u0142owa i dali\u015bmy si\u0119 uwie\u015b\u0107 zasadom tego \u015bwiata, kt\u00f3ry odrzuci\u0142 Krzy\u017c. Tej rewizji w\u0142asnego \u017cycia s\u0142u\u017c\u0105: modlitwa, post i ja\u0142mu\u017cna.<\/p>\n<p>Modlitwa &#8211; jest szans\u0105 do\u015bwiadczenia obecno\u015bci Boga. Post \u2013 jest szans\u0105 wzi\u0119cia siebie w gar\u015b\u0107. Ja\u0142mu\u017cna \u2013 jest szans\u0105 bezinteresownej pomocy drugiemu. Miej odwag\u0119 podj\u0105\u0107 konkretn\u0105 prac\u0119 nad sob\u0105. Temu b\u0119dzie sprzyja\u0107 liturgia Drogi Krzy\u017cowej, Gorzkich \u017bali i Rekolekcji Wielkopostnych kt\u00f3re zaczniemy 26 marca. Prosz\u0119 Ciebie nie zmarnuj tej szansy. Na o\u0142tarzu Jezusa Mi\u0142osiernego jest wy\u0142o\u017cona Ksi\u0119ga Abstynencji &#8211; potrzeba odwagi aby podj\u0105\u0107 konkretne zobowi\u0105zania.<\/p>\n<p>&nbsp;<\/p>\n<p>Droga Krzy\u017cowa i Gorzkie \u017bale. Zapraszamy dzieci, m\u0142odzie\u017c i doros\u0142ych do uczestniczenia w tych nabo\u017ce\u0144stwach. Droga Krzy\u017cowa w ka\u017cdy pi\u0105tek po Mszy \u015bw. o godz. 17.00, Gorzkie \u017bale w ka\u017cd\u0105 niedziel\u0119 po Mszy \u015bw. o godz. 16.00.<\/p>\n<p>&nbsp;<\/p>\n<p>Dzi\u0119kuj\u0119 za dzisiejsz\u0105 obecno\u015b\u0107 przedstawicieli Rycerzy Kolumba, za \u015bwiadectwo i trosk\u0119 o Ko\u015bci\u00f3\u0142 i o cz\u0142owieka, poprzez osobiste zaanga\u017cowanie. Zapraszam ch\u0119tnych i m\u0119\u017cnych Pan\u00f3w w czwartek 9 marca na godz. 18.00 na plebani\u0119 na spotkanie za\u0142o\u017cycielskie Rady Rycerzy Kolumba przy naszej parafii. Na naszej stronie w zak\u0142adce grupy Apostolskie jest informacja o Rycerzach Kolumba, mo\u017cna tam r\u00f3wnie\u017c obejrze\u0107 film, promuj\u0105cy t\u0105 pi\u0119kn\u0105 inicjatyw\u0119.<\/p>\n<p>&nbsp;<\/p>\n<p>W zakrystii s\u0105 do nabycia ksi\u0105\u017ceczki do nabo\u017ce\u0144stwa dla dzieci I komunijnych w cenie 14 z\u0142, po\u015bwi\u0119cenie ksi\u0105\u017ceczek dzieciom, odb\u0119dzie si\u0119 w nast\u0119pn\u0105 niedziel\u0119 na Mszy \u015bw. o godz. 10.00<\/p>\n<p>&nbsp;<\/p>\n<p>Najbli\u017csza II niedziela Wielkiego Postu obchodzona jest jako Dzie\u0144 Modlitwy, Postu\u00a0 i Solidarno\u015bci z Misjonarzami pod has\u0142em \u201e Gdzie misjonarze \u2013 tam nadzieja\u201d Mo\u017cemy w\u00f3wczas wspom\u00f3c misjonarzy przez dar z\u0142o\u017cony do puszek przed ko\u015bcio\u0142em. Inn\u0105 form\u0105 pomocy jest SMS misyjny \u2013 szczeg\u00f3\u0142y na plakacie w gablocie og\u0142osze\u0144.<\/p>\n<p>&nbsp;<\/p>\n<p>Dzi\u0119kuj\u0119 I grupie Rodzin z \u015aci\u0119gien za przygotowanie naszej \u015bwi\u0105tyni do dzisiejszej niedzieli oraz z\u0142o\u017con\u0105 ofiar\u0119 w kwocie 260 z\u0142. Msza \u015bw. w intencji tych rodzin b\u0119dzie 10 marca o godz. 10. 00.<\/p>\n<p>Za tydzie\u0144, w sobot\u0119, na godz. 9. 00 zapraszamy kolejne 10 rodzin ze \u015aci\u0119gien do sprz\u0105tania ko\u015bcio\u0142a.<\/p>\n<p>Niedzielnik do pobrania<\/p>\n<p><a href=\"http:\/\/www.rozalia.kielce.opoka.org.pl\/wp-content\/uploads\/2017\/03\/Niedzielnik-05.03.2017.pdf\">niedzielnik-05-03-2017<\/a><\/p>\n ","protected":false},"excerpt":{"rendered":"<p>Og\u0142oszenia duszpasterskie 05 marca 2017 r. &nbsp; \u015arod\u0105 Popielcow\u0105 rozpocz\u0119li\u015bmy czas Wielkiego Postu 40 dni zmagania si\u0119 z prawd\u0105 o sobie w [&hellip;]<\/p>\n","protected":false},"author":1,"featured_media":0,"comment_status":"open","ping_status":"open","sticky":false,"template":"","format":"standard","meta":{"_acf_changed":false,"jetpack_post_was_ever_published":false,"_jetpack_newsletter_access":"","_jetpack_dont_email_post_to_subs":false,"_jetpack_newsletter_tier_id":0,"_jetpack_memberships_contains_paywalled_content":false,"_jetpack_memberships_contains_paid_content":false,"footnotes":"","jetpack_publicize_message":"","jetpack_publicize_feature_enabled":true,"jetpack_social_post_already_shared":false,"jetpack_social_options":{"image_generator_settings":{"template":"highway","enabled":false},"version":2}},"categories":[3],"tags":[],"class_list":["post-313","post","type-post","status-publish","format-standard","hentry","category-ogloszenia"],"jetpack_publicize_connections":[],"acf":[],"jetpack_featured_media_url":"","jetpack_sharing_enabled":true,"jetpack_shortlink":"https:\/\/wp.me\/paz7cl-53","_links":{"self":[{"href":"http:\/\/www.rozalia-zagnansk.pl\/index.php?rest_route=\/wp\/v2\/posts\/313","targetHints":{"allow":["GET"]}}],"collection":[{"href":"http:\/\/www.rozalia-zagnansk.pl\/index.php?rest_route=\/wp\/v2\/posts"}],"about":[{"href":"http:\/\/www.rozalia-zagnansk.pl\/index.php?rest_route=\/wp\/v2\/types\/post"}],"author":[{"embeddable":true,"href":"http:\/\/www.rozalia-zagnansk.pl\/index.php?rest_route=\/wp\/v2\/users\/1"}],"replies":[{"embeddable":true,"href":"http:\/\/www.rozalia-zagnansk.pl\/index.php?rest_route=%2Fwp%2Fv2%2Fcomments&post=313"}],"version-history":[{"count":3,"href":"http:\/\/www.rozalia-zagnansk.pl\/index.php?rest_route=\/wp\/v2\/posts\/313\/revisions"}],"predecessor-version":[{"id":317,"href":"http:\/\/www.rozalia-zagnansk.pl\/index.php?rest_route=\/wp\/v2\/posts\/313\/revisions\/317"}],"wp:attachment":[{"href":"http:\/\/www.rozalia-zagnansk.pl\/index.php?rest_route=%2Fwp%2Fv2%2Fmedia&parent=313"}],"wp:term":[{"taxonomy":"category","embeddable":true,"href":"http:\/\/www.rozalia-zagnansk.pl\/index.php?rest_route=%2Fwp%2Fv2%2Fcategories&post=313"},{"taxonomy":"post_tag","embeddable":true,"href":"http:\/\/www.rozalia-zagnansk.pl\/index.php?rest_route=%2Fwp%2Fv2%2Ftags&post=313"}],"curies":[{"name":"wp","href":"https:\/\/api.w.org\/{rel}","templated":true}]}}