{"id":310,"date":"2017-02-25T19:58:26","date_gmt":"2017-02-25T19:58:26","guid":{"rendered":"http:\/\/www.rozalia.kielce.opoka.org.pl\/?p=310"},"modified":"2017-02-25T19:58:26","modified_gmt":"2017-02-25T19:58:26","slug":"intencje-9","status":"publish","type":"post","link":"http:\/\/www.rozalia-zagnansk.pl\/?p=310","title":{"rendered":"Intencje"},"content":{"rendered":"<p><strong><u>INTENCJE MSZALNE \u00a0\u00a0\u00a0 27.02 \u2013 05.03. 2017<\/u><\/strong><\/p>\n<p>&nbsp;<\/p>\n<p><strong><u>Poniedzia\u0142ek 27.02<\/u><\/strong><u>.<\/u><\/p>\n<p>&nbsp;<\/p>\n<p><strong>17.00<\/strong><\/p>\n<p>&nbsp;<\/p>\n<p><strong><u>Wtorek 28.02.<\/u><\/strong><\/p>\n<p>&nbsp;<\/p>\n<p><strong>17.00<\/strong><\/p>\n<p>&nbsp;<\/p>\n<p><strong><u>\u015aroda 01.03<\/u><\/strong><\/p>\n<p>&nbsp;<\/p>\n<p><strong>8.00<\/strong><\/p>\n<p><strong>\u00a0<\/strong><\/p>\n<p><strong>12.00 <\/strong><\/p>\n<p>+ Mariana Salwy od siostry Zofii z rodz.<\/p>\n<p><strong>17.00<\/strong><\/p>\n<p>+ Marianny Stefana Jana Danuty W\u00f3jcickich<\/p>\n<p>&nbsp;<\/p>\n<p><strong><u>Czwartek 02.03<\/u><\/strong><\/p>\n<p><strong>17.00<\/strong><\/p>\n<p>+\u00a0 Piotra Czarneckiego od kole\u017canek i koleg\u00f3w z Powiatowego Zarz\u0105du Dr\u00f3g w Kielcach<\/p>\n<p>&nbsp;<\/p>\n<p><strong><u>Pi\u0105tek 03.03<\/u><\/strong><\/p>\n<p>&nbsp;<\/p>\n<p><strong>08.00<\/strong><\/p>\n<p>+ Haliny Dzia\u0142ak od kole\u017canek z pracy c\u00f3rki Dominiki<\/p>\n<p>&nbsp;<\/p>\n<p><strong>17.00<\/strong><\/p>\n<p>+ Kazimierza Pedrycz od \u017cony z okazji Imienin<\/p>\n<p>&nbsp;<\/p>\n<p><strong><u>Sobota 04.03<\/u><\/strong><\/p>\n<p>&nbsp;<\/p>\n<p><strong>8.00<\/strong><\/p>\n<p>W intencji Kazimierza Bracha z racji Imienin od \u017cony i c\u00f3rek z rodz.<\/p>\n<p>&nbsp;<\/p>\n<p><strong>8.00<\/strong><\/p>\n<p>+ Mariana Salwy od uczest. pogrzebu<\/p>\n<p>&nbsp;<\/p>\n<p><strong><u>Niedziela 05.03<\/u><\/strong><\/p>\n<p>&nbsp;<\/p>\n<p><strong>8.00<\/strong><\/p>\n<p>+ Tomasza Zagda\u0144skiego<\/p>\n<p>&nbsp;<\/p>\n<p><strong>10.00<\/strong><\/p>\n<p>+ Adeli Dobosz w kolejn\u0105 rocz. \u015bmierci od rodz. Cie\u015blak\u00f3w<\/p>\n<p>&nbsp;<\/p>\n<p><strong>12.00<\/strong><\/p>\n<p>+ Marka Dobosz w 3 rocz. \u015bmierci od \u017cony i syna z rodz.<\/p>\n<p>&nbsp;<\/p>\n<p><strong>16.00<\/strong><\/p>\n<p>+ Stanis\u0142awy Nuckowskiej w 35 rocz. \u015bmierci<\/p>\n<p>+ Ignacego Nuckowskiego<\/p>\n<p>&nbsp;<\/p>\n ","protected":false},"excerpt":{"rendered":"<p>INTENCJE MSZALNE \u00a0\u00a0\u00a0 27.02 \u2013 05.03. 2017 &nbsp; Poniedzia\u0142ek 27.02. &nbsp; 17.00 &nbsp; Wtorek 28.02. &nbsp; 17.00 &nbsp; \u015aroda 01.03 &nbsp; 8.00 [&hellip;]<\/p>\n","protected":false},"author":1,"featured_media":0,"comment_status":"open","ping_status":"open","sticky":false,"template":"","format":"standard","meta":{"_acf_changed":false,"jetpack_post_was_ever_published":false,"_jetpack_newsletter_access":"","_jetpack_dont_email_post_to_subs":false,"_jetpack_newsletter_tier_id":0,"_jetpack_memberships_contains_paywalled_content":false,"_jetpack_memberships_contains_paid_content":false,"footnotes":"","jetpack_publicize_message":"","jetpack_publicize_feature_enabled":true,"jetpack_social_post_already_shared":false,"jetpack_social_options":{"image_generator_settings":{"template":"highway","enabled":false},"version":2}},"categories":[8],"tags":[],"class_list":["post-310","post","type-post","status-publish","format-standard","hentry","category-intencje"],"jetpack_publicize_connections":[],"acf":[],"jetpack_featured_media_url":"","jetpack_sharing_enabled":true,"jetpack_shortlink":"https:\/\/wp.me\/paz7cl-50","_links":{"self":[{"href":"http:\/\/www.rozalia-zagnansk.pl\/index.php?rest_route=\/wp\/v2\/posts\/310","targetHints":{"allow":["GET"]}}],"collection":[{"href":"http:\/\/www.rozalia-zagnansk.pl\/index.php?rest_route=\/wp\/v2\/posts"}],"about":[{"href":"http:\/\/www.rozalia-zagnansk.pl\/index.php?rest_route=\/wp\/v2\/types\/post"}],"author":[{"embeddable":true,"href":"http:\/\/www.rozalia-zagnansk.pl\/index.php?rest_route=\/wp\/v2\/users\/1"}],"replies":[{"embeddable":true,"href":"http:\/\/www.rozalia-zagnansk.pl\/index.php?rest_route=%2Fwp%2Fv2%2Fcomments&post=310"}],"version-history":[{"count":1,"href":"http:\/\/www.rozalia-zagnansk.pl\/index.php?rest_route=\/wp\/v2\/posts\/310\/revisions"}],"predecessor-version":[{"id":311,"href":"http:\/\/www.rozalia-zagnansk.pl\/index.php?rest_route=\/wp\/v2\/posts\/310\/revisions\/311"}],"wp:attachment":[{"href":"http:\/\/www.rozalia-zagnansk.pl\/index.php?rest_route=%2Fwp%2Fv2%2Fmedia&parent=310"}],"wp:term":[{"taxonomy":"category","embeddable":true,"href":"http:\/\/www.rozalia-zagnansk.pl\/index.php?rest_route=%2Fwp%2Fv2%2Fcategories&post=310"},{"taxonomy":"post_tag","embeddable":true,"href":"http:\/\/www.rozalia-zagnansk.pl\/index.php?rest_route=%2Fwp%2Fv2%2Ftags&post=310"}],"curies":[{"name":"wp","href":"https:\/\/api.w.org\/{rel}","templated":true}]}}