{"id":305,"date":"2017-02-25T19:49:17","date_gmt":"2017-02-25T19:49:17","guid":{"rendered":"http:\/\/www.rozalia.kielce.opoka.org.pl\/?p=305"},"modified":"2017-02-25T19:54:32","modified_gmt":"2017-02-25T19:54:32","slug":"ogloszenia-duszpasterskie-27-luty-2017r","status":"publish","type":"post","link":"http:\/\/www.rozalia-zagnansk.pl\/?p=305","title":{"rendered":"Og\u0142oszenia duszpasterskie  26 luty 2017r."},"content":{"rendered":"<p>Prze\u017cywamy VIII Niedziel\u0119 zwyk\u0142\u0105.<\/p>\n<p>W dzisiejszej liturgii S\u0142owa, B\u00f3g m\u00f3wi do Ciebie.<\/p>\n<p><em>Czy mia\u0142e\u015b sytuacj\u0119 w \u017cyciu, w kt\u00f3rej czu\u0142e\u015b si\u0119 porzucony, odrzucony? S\u0142owo Bo\u017ce m\u00f3wi: Czy\u017c mo\u017ce niewiasta zapomnie\u0107 o swym niemowl\u0119ciu, ta, kt\u00f3ra kocha syna swego \u0142ona? A nawet gdyby ona zapomnia\u0142a, Ja nie zapomn\u0119 o tobie\u00bb \u2013 m\u00f3wi Pan&#8230; Jak mo\u017cesz tego do\u015bwiadczy\u0107 ? M\u00f3wi dzisiaj Jezus: Przypatrzcie si\u0119 ptakom podniebnym: nie siej\u0105 ani \u017cn\u0105 i nie zbieraj\u0105 do spichlerzy, a Ojciec wasz niebieski je \u017cywi. Czy\u017c wy nie jeste\u015bcie wa\u017cniejsi ni\u017c one ? Zatem maj\u0105c do\u015bwiadczenie porzucenia, odrzucenia, niezrozumienia \u2013 trzeba nam wo\u0142a\u0107 za psalmist\u0105: przed Nim wylejcie wasze serca. W modlitwie serca \u2013 wylej ca\u0142y b\u00f3l przed Jezusem.<\/em><\/p>\n<p>&nbsp;<\/p>\n<p>Wspomnienia liturgiczne:<\/p>\n<p>1 marca &#8211; \u015broda \u2013 \u015aroda Popielcowa<\/p>\n<p>4 marca &#8211; sobota\u2013 \u015bw. Kazimierza Kr\u00f3lewicza \u2013 \u015bwi\u0119to<\/p>\n<p>&nbsp;<\/p>\n<p>We wtorek 28 lutego na godz. 16.00, zapraszam w imieniu wychowawc\u00f3w na uroczyste otwarcie. klubu m\u0142odzie\u017cowego \u201e Wolna Strefa\u201d.<\/p>\n<p>&nbsp;<\/p>\n<p>W \u015brod\u0119 1 marca rozpoczynamy okres Wielkiego Postu jest to \u015aroda Popielcowa. Msza \u015bw. w naszym ko\u015bciele z obrz\u0119dem posypania g\u0142\u00f3w popio\u0142em o godz. 8.00; 12.00 i 17.00. Zachowajmy w tym dniu post \u015bcis\u0142y. Zach\u0119camy do licznego udzia\u0142u w Mszach \u015bw.<\/p>\n<p>&nbsp;<\/p>\n<p>W pi\u0105tek Droga Krzy\u017cowa po Mszy \u015bw. o godz. 17.00 zapraszamy dzieci, m\u0142odzie\u017c, a szczeg\u00f3lnie m\u0142odzie\u017c przygotowuj\u0105c\u0105 si\u0119 do sakramentu bierzmowania, jak r\u00f3wnie\u017c osoby doros\u0142e.<\/p>\n<p>&nbsp;<\/p>\n<p>W tym tygodniu przypada I Pi\u0105tek miesi\u0105ca, spowied\u017a p\u00f3\u0142 godziny przed msz\u0105 \u015bw. Kap\u0142an odwiedzi chorych po godz. 9.00. W pierwsz\u0105 Sobot\u0119 miesi\u0105ca Adoracja Naj\u015bwi\u0119tszego Sakramentu o godz. 7.30.<\/p>\n<p>&nbsp;<\/p>\n<p>Dzi\u0119kuj\u0119 Rodzinom sprz\u0105taj\u0105cym z Ko\u015bcielnej G\u00f3rki za przygotowanie naszej \u015bwi\u0105tyni do dzisiejszej niedzieli oraz z\u0142o\u017con\u0105 ofiar\u0119 w kwocie 230 z\u0142. Msza \u015bw. w intencji tych rodzin b\u0119dzie 09 kwietnia o godz. 10. 00.<\/p>\n<p>Za tydzie\u0144, w sobot\u0119, na godz. 9. 00 zapraszamy pierwsze 10 rodzin ze \u015aci\u0119gien do sprz\u0105tania ko\u015bcio\u0142a.<\/p>\n<p>Niedzielnik do pobrania<\/p>\n<p><a href=\"http:\/\/www.rozalia.kielce.opoka.org.pl\/wp-content\/uploads\/2017\/02\/Niedzielnik-26.02.2017.pdf\">niedzielnik-26-02-2017<\/a><\/p>\n ","protected":false},"excerpt":{"rendered":"<p>Prze\u017cywamy VIII Niedziel\u0119 zwyk\u0142\u0105. W dzisiejszej liturgii S\u0142owa, B\u00f3g m\u00f3wi do Ciebie. Czy mia\u0142e\u015b sytuacj\u0119 w \u017cyciu, w kt\u00f3rej czu\u0142e\u015b si\u0119 porzucony, [&hellip;]<\/p>\n","protected":false},"author":1,"featured_media":0,"comment_status":"open","ping_status":"open","sticky":false,"template":"","format":"standard","meta":{"_acf_changed":false,"jetpack_post_was_ever_published":false,"_jetpack_newsletter_access":"","_jetpack_dont_email_post_to_subs":false,"_jetpack_newsletter_tier_id":0,"_jetpack_memberships_contains_paywalled_content":false,"_jetpack_memberships_contains_paid_content":false,"footnotes":"","jetpack_publicize_message":"","jetpack_publicize_feature_enabled":true,"jetpack_social_post_already_shared":false,"jetpack_social_options":{"image_generator_settings":{"template":"highway","enabled":false},"version":2}},"categories":[3],"tags":[],"class_list":["post-305","post","type-post","status-publish","format-standard","hentry","category-ogloszenia"],"jetpack_publicize_connections":[],"acf":[],"jetpack_featured_media_url":"","jetpack_sharing_enabled":true,"jetpack_shortlink":"https:\/\/wp.me\/paz7cl-4V","_links":{"self":[{"href":"http:\/\/www.rozalia-zagnansk.pl\/index.php?rest_route=\/wp\/v2\/posts\/305","targetHints":{"allow":["GET"]}}],"collection":[{"href":"http:\/\/www.rozalia-zagnansk.pl\/index.php?rest_route=\/wp\/v2\/posts"}],"about":[{"href":"http:\/\/www.rozalia-zagnansk.pl\/index.php?rest_route=\/wp\/v2\/types\/post"}],"author":[{"embeddable":true,"href":"http:\/\/www.rozalia-zagnansk.pl\/index.php?rest_route=\/wp\/v2\/users\/1"}],"replies":[{"embeddable":true,"href":"http:\/\/www.rozalia-zagnansk.pl\/index.php?rest_route=%2Fwp%2Fv2%2Fcomments&post=305"}],"version-history":[{"count":3,"href":"http:\/\/www.rozalia-zagnansk.pl\/index.php?rest_route=\/wp\/v2\/posts\/305\/revisions"}],"predecessor-version":[{"id":309,"href":"http:\/\/www.rozalia-zagnansk.pl\/index.php?rest_route=\/wp\/v2\/posts\/305\/revisions\/309"}],"wp:attachment":[{"href":"http:\/\/www.rozalia-zagnansk.pl\/index.php?rest_route=%2Fwp%2Fv2%2Fmedia&parent=305"}],"wp:term":[{"taxonomy":"category","embeddable":true,"href":"http:\/\/www.rozalia-zagnansk.pl\/index.php?rest_route=%2Fwp%2Fv2%2Fcategories&post=305"},{"taxonomy":"post_tag","embeddable":true,"href":"http:\/\/www.rozalia-zagnansk.pl\/index.php?rest_route=%2Fwp%2Fv2%2Ftags&post=305"}],"curies":[{"name":"wp","href":"https:\/\/api.w.org\/{rel}","templated":true}]}}