{"id":2532,"date":"2020-03-28T22:30:49","date_gmt":"2020-03-28T22:30:49","guid":{"rendered":"http:\/\/www.rozalia-zagnansk.pl\/?p=2532"},"modified":"2020-03-29T00:58:30","modified_gmt":"2020-03-29T00:58:30","slug":"ogloszenia-duszpasterskie-29-03-2020-r","status":"publish","type":"post","link":"http:\/\/www.rozalia-zagnansk.pl\/?p=2532","title":{"rendered":"Og\u0142oszenia duszpasterskie 29.03.2020 r."},"content":{"rendered":"<p style=\"text-align: center;\"><strong>Og\u0142oszenia duszpasterskie 29.03.2020 r.<\/strong><\/p>\n<p>Poruszaj\u0105ce jest dzisiejsze s\u0142owo Bo\u017ce, szczeg\u00f3lnie w kontek\u015bcie czasu i wydarze\u0144, kt\u00f3re prze\u017cywamy \u2013 rozszerzaj\u0105ca si\u0119 pandemia koronawirusa, zachorowania i zgony, restrykcje spo\u0142eczne, coraz wi\u0119ksze poczucie zagro\u017cenia i izolacji. Pan, kt\u00f3ry jest Bogiem czasu i wiedzy, przed wiekami w swoim s\u0142owie, kt\u00f3re zapowiada Jego interwencj\u0119 i opisuje fakty, kt\u00f3re sta\u0142y si\u0119 przez Jezusa\u00a0 Chrystusa, dzisiaj \u017cyj\u0105cym nie tylko niesie otuch\u0119 ale zapowied\u017a konkretnej interwencji. \u00abOto otwieram wasze groby i wydobywam was z grob\u00f3w, ludu m\u00f3j Udziel\u0119 wam mego ducha, by\u015bcie o\u017cyli. Bo jak powiada Psalmista, <strong>B\u00f3g Zbawicielem, pe\u0142nym mi\u0142osierdzia<\/strong>, dlatego z g\u0142\u0119boko\u015bci wo\u0142am do Ciebie, Panie, wys\u0142uchaj g\u0142osu mego. Bowiem u Pana jest \u0142aska, u Niego obfite odkupienie. Relacja Jezusa z \u0141azarzem, Mart\u0105 i Mari\u0105, by\u0142a g\u0142\u0119bok\u0105 przyja\u017ani\u0105, o czym wiedzieli r\u00f3wnie\u017c \u017bydzi. Dlatego wys\u0142ana delegacja do Jezusa informuje: \u00abPanie, oto choruje ten, kt\u00f3rego Ty kochasz\u00bb Dlaczego zatem, Ten kt\u00f3ry tak niezwykle mi\u0142owa\u0142 Mart\u0119, Mari\u0119 i \u0141azarza, &#8211; <strong>zwleka\u0142!!!<\/strong> Gdy pos\u0142ysza\u0142 o jego chorobie, pozosta\u0142 przez dwa dni tam, gdzie przebywa\u0142. Bowiem widzia\u0142 dalej i wi\u0119cej, m\u00f3wi\u0105c: <strong>\u00abChoroba ta nie zmierza ku \u015bmierci, ale ku chwale Bo\u017cej!!!<\/strong> Dlaczego to wszystko dzisiaj si\u0119 dzieje, na tak niespotykan\u0105 skal\u0119 \u2013 dlaczego taki dramat???\u00a0 Jezus rzek\u0142 do niej: \u00abCzy\u017c nie powiedzia\u0142em ci, \u017ce je\u015bli uwierzysz, ujrzysz chwa\u0142\u0119 Bo\u017c\u0105?\u00bb <strong>Czy dzisiaj B\u00f3g nie chce powiedzie\u0107 do \u015bwiata, do Ciebie \u2013 je\u015bli uwierzysz!!!<\/strong> Ko\u0144cz\u0105 si\u0119 ludzkie granice, mo\u017cliwo\u015bci, mo\u017ce ju\u017c cz\u0142owiek zej\u015b\u0107 z miejsca, kt\u00f3re zaj\u0105\u0142 Bogu \u2013 uzurpuj\u0105c sobie Bo\u017ce Prawa. B\u00f3g chce kolejny raz powiedzie\u0107 przez proroka Izajasza: Bo nie b\u0119d\u0119 wiecznie prowadzi\u0142 Ja sporu ani zawsze nie b\u0119d\u0119 rozgniewany; inaczej usta\u0142yby nikn\u0105c sprzed mego oblicza tchnienie i istoty \u017cyj\u0105ce, kt\u00f3rem Ja uczyni\u0142. Zawrza\u0142em gniewem z powodu jego wyst\u0119pnej chciwo\u015bci, ukrywszy si\u0119 w moim gniewie cios mu zada\u0142em;\u00a0 on jednak szed\u0142 zbuntowany drog\u0105 swego serca,\u00a0a drogi jego widzia\u0142em. Ale Ja go ulecz\u0119 i pociesz\u0119, i obdarz\u0119 pociechami jego samego i pogr\u0105\u017conych z nim w smutku, wywo\u0142uj\u0105c na wargi ich dzi\u0119kczynienie: Pok\u00f3j! Pok\u00f3j dalekim i bliskim! &#8211; m\u00f3wi Pan &#8211; Ja go ulecz\u0119. Bo B\u00f3g jest pe\u0142en mi\u0142osierdzia \u2013 <strong>ale czy cz\u0142owiek zegnie kolana przed Bogiem? <\/strong>Moi Drodzy odwagi i ufno\u015bci w Panu, bogobojnych On nie pozostawi. <strong>Trwajmy na modlitwie!!! <\/strong><strong>Codziennie wieczorem o godz. 20<sup>30 <\/sup>spotkajmy si\u0119 duchowo na modlitwie r\u00f3\u017ca\u0144cowej.<\/strong><\/p>\n<p><strong>Nasz ko\u015bci\u00f3\u0142 jest otwarty<\/strong> w <strong>niedziele<\/strong> <strong>od 7<sup>30<\/sup> do 17<sup>30<\/sup><\/strong> w <strong>tygodniu od 9<sup>00<\/sup> do 18<sup>00<\/sup><\/strong>. W dniach do Triduum Paschalnego b\u0119dzie mo\u017cna si\u0119 osobi\u015bcie pomodli\u0107 w kru\u017cganku \u2013 ko\u015bci\u00f3\u0142 jest monitorowany, a <strong>od godz. 16<sup>00<\/sup> codziennie, jest wystawiany Naj\u015bwi\u0119tszy Sakrament<\/strong> do osobistej adoracji \u2013 kap\u0142an w tym czasie b\u0119dzie pos\u0142ugiwa\u0142 w konfesjonale \u2013 w\u00f3wczas bezpiecznie mo\u017cna korzysta\u0107 z sakramentu pojednania. Zach\u0119cajcie bliskich, bowiem nie b\u0119dzie spowiedzi z pos\u0142ug\u0105 innych kap\u0142an\u00f3w, a sami w tygodniu przed\u015bwi\u0105tecznym, nie b\u0119dziemy w stanie obs\u0142u\u017cy\u0107 wszystkich. Ponadto nie daj Bo\u017ce, je\u017celi kt\u00f3ry\u015b z nas si\u0119 rozchoruje.<\/p>\n<p><strong>Stosuj\u0105c si\u0119 do rozporz\u0105dze\u0144<\/strong> organ\u00f3w pa\u0144stwowych z 24 marca br., kt\u00f3re ograniczy\u0142y liczb\u0119 uczestnik\u00f3w zgromadze\u0144 do 5 os\u00f3b, informujemy naszych parafian, \u017ce<strong> po zgromadzeniu si\u0119<\/strong> na dan\u0105 godzin\u0119 Mszy \u015bw. wi\u0119cej ni\u017c 5 os\u00f3b, b\u0119dziemy zapraszani na kolejn\u0105 msz\u0119 \u015bw. oraz do uczestnictwa w transmisji telewizyjnej. <strong>Przypominam o<\/strong> dyspensie ks. Biskupa odno\u015bnie nie uczestnictwa w tym okresie we mszy \u015bw.<\/p>\n<p>Od dzisiaj transmitujemy wszystkie msze \u015bw. i nabo\u017ce\u0144stwa z naszej \u015bwi\u0105tyni w Internecie, dzi\u0119ki trwa\u0142emu dost\u0119powi. By\u0142a to kosztowna inwestycja, ale konieczna aby\u015bcie mieli kontakt w tym czasie ze swoj\u0105 \u015bwi\u0105tyni\u0105 i nami duszpasterzami. Adres transmisji <a href=\"http:\/\/www.rozalia-zagnansk.pl\">www.rozalia-zagnansk.pl<\/a><\/p>\n<p>Prosz\u0119 pami\u0119tajmy o sobie wzajemnie, starszych rodzicach, bliskich i s\u0105siadach. Niew\u0105tpliwie tj. czas przebaczenia i darowania win. Dzwo\u0144my do siebie, aby nikt nie zosta\u0142 w tych tygodniach sam. Ruszy\u0142a pi\u0119kna inicjatywa grupy parafian, kt\u00f3rzy b\u0119d\u0105 po uprzednim moim kontakcie telefonicznym z zainteresowanymi osobami i wyra\u017ceniu zgody na kontakt wskazanej osoby przeze mnie, obj\u0119ci nasz\u0105 trosk\u0105 poprzez rozmow\u0119, modlitw\u0119 i je\u017celi zajdzie taka potrzeba, konkretn\u0105 pomoc\u0105 \u015bwiadczon\u0105 w bezpieczny dla nas spos\u00f3b. W tym tygodniu przypada <strong>I Czwartek m-ca<\/strong> \u2013 koronka do Przenaj\u015bwi\u0119tszej Krwi Chrystusa. <strong>I Pi\u0105tek m-ca<\/strong>. spowied\u017a rano od godz. <strong>8<sup>00<\/sup><\/strong> i po po\u0142udniu od godz. <strong>16<sup>00<\/sup><\/strong>. Niestety ksi\u0105dz nie b\u0119dzie odwiedza\u0142 chorych z miesi\u0119czn\u0105 pos\u0142ug\u0105. <strong>I Sobota<\/strong> <strong>m-ca<\/strong> adoracja rano od godz. <strong>7<sup>00<\/sup><\/strong> i po po\u0142udniu od godz. <strong>16<sup>00<\/sup><\/strong> do <strong>17<sup>00<\/sup><\/strong>.<\/p>\n<p><strong>Komunikaty:<\/strong><\/p>\n<ul>\n<li><a href=\"http:\/\/www.rozalia-zagnansk.pl\/wp-content\/uploads\/2020\/03\/dekret_biskupa_kieleckiego_w_zwiazku_ze_stanem_epidemii_w_polsce.pdf\">Dekret Biskupa<\/a><\/li>\n<li><a href=\"http:\/\/www.rozalia-zagnansk.pl\/wp-content\/uploads\/2020\/03\/Dekret-dot.-I-Komunii-\u015bw.-w-zwi\u0105zku-ze-stanem-epidemii-2020.pdf\">Pierwszej Komunii \u015awi\u0119tej<\/a><\/li>\n<li><a href=\"http:\/\/www.rozalia-zagnansk.pl\/wp-content\/uploads\/2020\/03\/O\u015bwiadczenie-Rady-ds.-Spo\u0142ecznych-KEP.pdf\">Rady ds. Spo\u0142ecznych Konferencji Episkopatu Polski<\/a><\/li>\n<li><a href=\"http:\/\/www.rozalia-zagnansk.pl\/wp-content\/uploads\/2020\/03\/Komunikat-Caritas-Kieleckiej.pdf\">Caritas Kieleckiej<\/a><\/li>\n<\/ul>\n<p><a href=\"http:\/\/www.rozalia-zagnansk.pl\/wp-content\/uploads\/2020\/03\/Niedzielnik-2020.03.29.pdf\">Niedzielnik 2020.03.29<\/a><\/p>\n ","protected":false},"excerpt":{"rendered":"<p>Og\u0142oszenia duszpasterskie 29.03.2020 r. Poruszaj\u0105ce jest dzisiejsze s\u0142owo Bo\u017ce, szczeg\u00f3lnie w kontek\u015bcie czasu i wydarze\u0144, kt\u00f3re prze\u017cywamy \u2013 rozszerzaj\u0105ca si\u0119 pandemia koronawirusa, [&hellip;]<\/p>\n","protected":false},"author":1,"featured_media":0,"comment_status":"closed","ping_status":"open","sticky":false,"template":"","format":"standard","meta":{"_acf_changed":false,"jetpack_post_was_ever_published":false,"_jetpack_newsletter_access":"","_jetpack_dont_email_post_to_subs":false,"_jetpack_newsletter_tier_id":0,"_jetpack_memberships_contains_paywalled_content":false,"_jetpack_memberships_contains_paid_content":false,"footnotes":"","jetpack_publicize_message":"","jetpack_publicize_feature_enabled":true,"jetpack_social_post_already_shared":true,"jetpack_social_options":{"image_generator_settings":{"template":"highway","enabled":false},"version":2}},"categories":[3],"tags":[],"class_list":["post-2532","post","type-post","status-publish","format-standard","hentry","category-ogloszenia"],"jetpack_publicize_connections":[],"acf":[],"jetpack_featured_media_url":"","jetpack_sharing_enabled":true,"jetpack_shortlink":"https:\/\/wp.me\/paz7cl-EQ","_links":{"self":[{"href":"http:\/\/www.rozalia-zagnansk.pl\/index.php?rest_route=\/wp\/v2\/posts\/2532","targetHints":{"allow":["GET"]}}],"collection":[{"href":"http:\/\/www.rozalia-zagnansk.pl\/index.php?rest_route=\/wp\/v2\/posts"}],"about":[{"href":"http:\/\/www.rozalia-zagnansk.pl\/index.php?rest_route=\/wp\/v2\/types\/post"}],"author":[{"embeddable":true,"href":"http:\/\/www.rozalia-zagnansk.pl\/index.php?rest_route=\/wp\/v2\/users\/1"}],"replies":[{"embeddable":true,"href":"http:\/\/www.rozalia-zagnansk.pl\/index.php?rest_route=%2Fwp%2Fv2%2Fcomments&post=2532"}],"version-history":[{"count":3,"href":"http:\/\/www.rozalia-zagnansk.pl\/index.php?rest_route=\/wp\/v2\/posts\/2532\/revisions"}],"predecessor-version":[{"id":2541,"href":"http:\/\/www.rozalia-zagnansk.pl\/index.php?rest_route=\/wp\/v2\/posts\/2532\/revisions\/2541"}],"wp:attachment":[{"href":"http:\/\/www.rozalia-zagnansk.pl\/index.php?rest_route=%2Fwp%2Fv2%2Fmedia&parent=2532"}],"wp:term":[{"taxonomy":"category","embeddable":true,"href":"http:\/\/www.rozalia-zagnansk.pl\/index.php?rest_route=%2Fwp%2Fv2%2Fcategories&post=2532"},{"taxonomy":"post_tag","embeddable":true,"href":"http:\/\/www.rozalia-zagnansk.pl\/index.php?rest_route=%2Fwp%2Fv2%2Ftags&post=2532"}],"curies":[{"name":"wp","href":"https:\/\/api.w.org\/{rel}","templated":true}]}}