{"id":2522,"date":"2020-03-21T22:23:45","date_gmt":"2020-03-21T22:23:45","guid":{"rendered":"http:\/\/www.rozalia-zagnansk.pl\/?p=2522"},"modified":"2020-03-22T16:10:31","modified_gmt":"2020-03-22T16:10:31","slug":"ogloszenia-duszpasterskie-22-03-2020-r","status":"publish","type":"post","link":"http:\/\/www.rozalia-zagnansk.pl\/?p=2522","title":{"rendered":"Og\u0142oszenia duszpasterskie 22.03.2020 r."},"content":{"rendered":"<p style=\"text-align: center;\"><strong>Og\u0142oszenia duszpasterskie 22.03.2020 r.<\/strong><\/p>\n<p>\u00ab<strong>Zbud\u017a si\u0119, o \u015bpi\u0105cy i powsta\u0144\u00a0z martwych, a zaja\u015bnieje ci Chrystus<\/strong>\u00bb. Tymi s\u0142owami zach\u0119ca nas dzisiaj \u015bw. Pawe\u0142. \u015awiat si\u0119 zatrzyma\u0142 i my r\u00f3wnie\u017c. Wezwa\u0142 nas Pan na indywidualne rekolekcje. Pozamyka\u0142 usta kaznodziejom. W szumie informacyjnym i wylewaj\u0105cymi si\u0119 w obfito\u015bci cz\u0119sto niesprawdzonymi informacjami, szczeg\u00f3lnie na forach internetowych i telefonicznych wiadomo\u015bciach tekstowych, kt\u00f3re niejednokrotnie budz\u0105 l\u0119k, <strong>B\u00f3g chce m\u00f3wi\u0107 do Ciebie osobi\u015bcie. Chce Tobie powiedzie\u0107 \u2013 obud\u017a si\u0119 !!!<\/strong> Id\u017a i obmyj si\u0119 w \u017ar\u00f3d\u0142ach mojego mi\u0142osierdzia. Tak jak powiedzia\u0142 do niewidomego od urodzenia: \u00abId\u017a, obmyj si\u0119 w sadzawce. Trzeba nam si\u0119 obmy\u0107 w mi\u0142osierdziu Pana, aby znale\u017a\u0107 pok\u00f3j serca i wej\u015b\u0107 na drogi \u017cycia.\u00a0 On wi\u0119c odszed\u0142, obmy\u0142 si\u0119 i wr\u00f3ci\u0142, widz\u0105c<strong>\u2026 <\/strong>s\u0142ysz\u0105c pytanie<strong> \u00abCzy ty wierzysz w Syna Cz\u0142owieczego?\u00bb<\/strong> Spotkanie z Jezusem w ciszy w\u0142asnego serca zwi\u0105zane jest z pytaniem, kt\u00f3re Pan postawi\u0142 niewidomemu. To nie tylko pytanie Pana, jest wa\u017cne, ale najwa\u017cniejsza jest Twoja odpowied\u017a\u2026 \u00abJest nim Ten, kt\u00f3rego widzisz i kt\u00f3ry m\u00f3wi do ciebie\u00bb. On za\u015b odpowiedzia\u0142: \u00abWierz\u0119, Panie!\u00bb i odda\u0142 Mu pok\u0142on. <u>Tak, wierz\u0119 w Ciebie Panie, to zarazem ufam Twoim s\u0142owom, Twoim drogowskazom \u2013 przykazaniom.<\/u> <strong>B\u0142ogos\u0142awiony ten, kto mnie s\u0142ucha<\/strong> (m\u0105dro\u015bci Bo\u017cej \u2013 Ducha \u015awi\u0119tego) kto co dzie\u0144 u drzwi moich czeka, by czuwa\u0107 u progu mej bramy, <strong>bo kto mnie znajdzie, ten znajdzie \u017cycie i uzyska \u0142ask\u0119 u Pana<\/strong>; <u>kto mnie nie znajdzie, dusz\u0119 sw\u0105 rani, \u015bmier\u0107 kocha ka\u017cdy, kto mnie si\u0119 wyrzeka.<\/u> M\u00f3wi m\u0119drzec Pa\u0144ski w ksi\u0119dze Przys\u0142\u00f3w. Do\u015bwiadczenie Pana, rodzi pewno\u015b\u0107, kt\u00f3r\u0105 dzisiaj wy\u015bpiewuje Dawid: Chocia\u017cbym przechodzi\u0142 przez ciemn\u0105 dolin\u0119, z\u0142a si\u0119 nie ul\u0119kn\u0119, bo Ty jeste\u015b ze mn\u0105. Kij Tw\u00f3j i laska pasterska s\u0105 moj\u0105 pociech\u0105. <strong>Drodzy to jest szczeg\u00f3lny czas \u0142aski.<\/strong><\/p>\n<p><strong>W Polsce zosta\u0142 wprowadzony<\/strong> stan epidemii.<\/p>\n<p><strong>Stosuj\u0105c si\u0119 do rozporz\u0105dze\u0144<\/strong> organ\u00f3w pa\u0144stwowych z 13 marca br., kt\u00f3re ograniczy\u0142y liczb\u0119 uczestnik\u00f3w zgromadze\u0144 do 50 os\u00f3b, informujemy naszych parafian, \u017ce<strong> po zgromadzeniu si\u0119<\/strong> na dan\u0105 godzin\u0119 Mszy \u015bw. wi\u0119cej ni\u017c 50 os\u00f3b, b\u0119dziemy zapraszani na kolejn\u0105 msz\u0119 \u015bw. oraz do uczestnictwa w transmisji telewizyjnej. <strong>Og\u00f3lnopolskie transmisje Mszy \u015bw.<\/strong><\/p>\n<ul>\n<li>TVP1, godz. &#8211; 7<sup>00<\/sup><\/li>\n<li>Telewizja Trwam;- godz. 9<sup>00<\/sup><\/li>\n<li>TVP 1, godz. 11<sup>00<\/sup><\/li>\n<li>TVP Polonia \u2013\u00a0 godz. 13.00<\/li>\n<\/ul>\n<p><a href=\"http:\/\/www.rozalia-zagnansk.pl\/?p=2502\"><strong>Przypominam o<\/strong> dyspensie ks. Biskupa odno\u015bnie nie uczestnictwa w tym okresie we mszy \u015bw.<\/a><\/p>\n<p>Dzisiaj transmitujemy wszystkie msze \u015bw. z naszej \u015bwi\u0105tyni w Internecie. Od nast\u0119pnej niedzieli, b\u0119dzie trwa\u0142y dost\u0119p do transmisji ka\u017cdej mszy \u015bw. niedzielnej w Internecie.<\/p>\n<p><strong>W niedziele Msze \u015bw.<\/strong> o sta\u0142ych godzinach:\u00a0 <strong>8.00 \u00a0\u00a0 10.00 \u00a0\u00a0 12.00 \u00a0 16.00\u00a0<\/strong><\/p>\n<p><strong>Nasz ko\u015bci\u00f3\u0142 jest otwarty<\/strong> w niedziele od<strong> 7<sup>30<\/sup><\/strong> do <strong>17<sup>30<\/sup><\/strong> w tygodniu od <strong>9<sup>00<\/sup><\/strong> do <strong>18<sup>00<\/sup><\/strong>. W dniach do Triduum Paschalnego b\u0119dzie mo\u017cna si\u0119 osobi\u015bcie pomodli\u0107 w kru\u017cganku \u2013 ko\u015bci\u00f3\u0142 jest monitorowany, a od godz. <strong>16<sup>00<\/sup> <\/strong>codziennie, jest wystawiany Naj\u015bwi\u0119tszy Sakrament do osobistej adoracji \u2013 kap\u0142an w tym czasie b\u0119dzie pos\u0142ugiwa\u0142 w konfesjonale. Prosz\u0119 korzystajcie z sakramentu pojednania i zach\u0119cajcie bliskich, bowiem nie b\u0119dzie spowiedzi z pos\u0142ug\u0105 innych kap\u0142an\u00f3w, a sami w tygodniu przed\u015bwi\u0105tecznym, nie b\u0119dziemy w stanie obs\u0142u\u017cy\u0107 Was wszystkich. Ponadto nie daj Bo\u017ce, je\u017celi kt\u00f3ry\u015b z nas si\u0119 rozchoruje. <strong>Zapraszamy na indywidualn\u0105 modlitw\u0119. <\/strong><\/p>\n<p>Dzisiaj mieli\u015bmy rozpocz\u0105\u0107 doroczne <strong>rekolekcje Wielkopostne<\/strong>. <strong>Odwo\u0142ali\u015bmy rekolekcje.<\/strong> W ten trudny czas ale zarazem, mam nadziej\u0119 b\u0142ogos\u0142awiony, wprowadza nas ks. dr Jan Jagie\u0142ka, kt\u00f3rego serdecznie witamy w naszej wsp\u00f3lnocie parafialnej. W tygodniu msze \u015bw. b\u0119d\u0105 tylko o godz. <strong>17<sup>00<\/sup>,<\/strong> do \u015brody b\u0119d\u0105 transmitowane. Wszystkie intencje z Pon. Wt. \u015ar. b\u0119d\u0105 w tych dniach sprawowane w Mszy \u015bw. zbiorowej. <strong>W pi\u0105tek Droga Krzy\u017cowa o godz. 16<sup>30<\/sup> \u2013 transmitowana.<\/strong><\/p>\n<p>Kardyna\u0142 Konrad Krajewski 11 marca br. powiedzia\u0142: &#8222;w tych dniach pojawia si\u0119 ryzyko my\u015blenia tylko o sobie samych. A ubodzy? Dla nich wszystko jest trudniejsze. Nie mo\u017cemy i nie wolno nam zapomnie\u0107 o wyci\u0105gni\u0119ciu r\u0119ki do tych, kt\u00f3rzy potrzebuj\u0105 pomocy&#8221; Prosz\u0119 pami\u0119tajmy o sobie wzajemnie, starszych rodzicach, bliskich i s\u0105siadach. Niew\u0105tpliwie tj. czas przebaczenia i darowania win. Dzwo\u0144my do siebie, aby nikt nie zosta\u0142 w tych tygodniach sam. Ruszy\u0142a pi\u0119kna inicjatywa grupy parafian, kt\u00f3rzy b\u0119d\u0105 po uprzednim moim kontakcie telefonicznym z zainteresowanymi osobami i wyra\u017ceniu zgody na kontakt wskazanej osoby przeze mnie, obj\u0119ci nasz\u0105 trosk\u0105 poprzez rozmow\u0119, modlitw\u0119 i je\u017celi zajdzie taka potrzeba, konkretn\u0105 pomoc\u0105 \u015bwiadczon\u0105 w bezpieczny dla nas spos\u00f3b.<\/p>\n<p><strong>M\u00f3dlmy si\u0119 o zdrowie dla chorych<\/strong> oraz w intencji lekarzy, personelu medycznego i wszystkich s\u0142u\u017cb, dzia\u0142aj\u0105cych w celu zatrzymania rozprzestrzeniania wirusa. <strong>M\u00f3dlmy si\u0119 o wyga\u015bni\u0119cie epidemii. W naszej parafii<\/strong> pie\u015bni\u0105 b\u0142agaln\u0105 \u201e\u015awi\u0119ty Bo\u017ce, \u015awi\u0119ty Mocny\u201d i wezwaniem do \u015bw. Rozalii \u015bpiewanym na zako\u0144czenie ka\u017cdej Mszy \u015bw. oraz nowenn\u0105 do \u015bw. Rozalii.<\/p>\n<p><strong>Codziennie wieczorem o godz. 20<sup>30 <\/sup>spotkajmy si\u0119 duchowo na modlitwie r\u00f3\u017ca\u0144cowej.<\/strong><\/p>\n<p>Baranki wielkanocne s\u0105 ju\u017c do nabycia w zakrystii \u2013 ofiara dobrego obiadu na rzecz ubogich dzieci, kt\u00f3rym Caritas Diecezjalna organizuje czas i wypoczynek.<\/p>\n<p>Caritas i Stowarzyszenie \u201e Nadzieja Rodzinie\u201d apeluj\u0105 o przekazanie 1% na rzecz prowadzonych plac\u00f3wek i misji s\u0142u\u017cby ubogim. <a href=\"http:\/\/www.kielce.caritas.pl\">www.kielce.caritas.pl<\/a>; <a href=\"http:\/\/www.nadziejarodzinie.org.pl\">www.nadziejarodzinie.org.pl<\/a><\/p>\n<p><a href=\"http:\/\/www.rozalia-zagnansk.pl\/wp-content\/uploads\/2020\/03\/Komunikat-Biskupa-Kieleckiego-na-Dzien-Swietosci-Zycia-20204159.pdf\">Komunikat ks. Biskupa Ordynariusza.<\/a><\/p>\n<p><a href=\"http:\/\/www.rozalia-zagnansk.pl\/wp-content\/uploads\/2020\/03\/Niedzielnik-2020.03.22.pdf\">Niedzielnik 2020.03.22<\/a><\/p>\n ","protected":false},"excerpt":{"rendered":"<p>Og\u0142oszenia duszpasterskie 22.03.2020 r. \u00abZbud\u017a si\u0119, o \u015bpi\u0105cy i powsta\u0144\u00a0z martwych, a zaja\u015bnieje ci Chrystus\u00bb. Tymi s\u0142owami zach\u0119ca nas dzisiaj \u015bw. Pawe\u0142. [&hellip;]<\/p>\n","protected":false},"author":1,"featured_media":0,"comment_status":"closed","ping_status":"open","sticky":false,"template":"","format":"standard","meta":{"_acf_changed":false,"jetpack_post_was_ever_published":false,"_jetpack_newsletter_access":"","_jetpack_dont_email_post_to_subs":false,"_jetpack_newsletter_tier_id":0,"_jetpack_memberships_contains_paywalled_content":false,"_jetpack_memberships_contains_paid_content":false,"footnotes":"","jetpack_publicize_message":"","jetpack_publicize_feature_enabled":true,"jetpack_social_post_already_shared":true,"jetpack_social_options":{"image_generator_settings":{"template":"highway","enabled":false},"version":2}},"categories":[3],"tags":[],"class_list":["post-2522","post","type-post","status-publish","format-standard","hentry","category-ogloszenia"],"jetpack_publicize_connections":[],"acf":[],"jetpack_featured_media_url":"","jetpack_sharing_enabled":true,"jetpack_shortlink":"https:\/\/wp.me\/paz7cl-EG","_links":{"self":[{"href":"http:\/\/www.rozalia-zagnansk.pl\/index.php?rest_route=\/wp\/v2\/posts\/2522","targetHints":{"allow":["GET"]}}],"collection":[{"href":"http:\/\/www.rozalia-zagnansk.pl\/index.php?rest_route=\/wp\/v2\/posts"}],"about":[{"href":"http:\/\/www.rozalia-zagnansk.pl\/index.php?rest_route=\/wp\/v2\/types\/post"}],"author":[{"embeddable":true,"href":"http:\/\/www.rozalia-zagnansk.pl\/index.php?rest_route=\/wp\/v2\/users\/1"}],"replies":[{"embeddable":true,"href":"http:\/\/www.rozalia-zagnansk.pl\/index.php?rest_route=%2Fwp%2Fv2%2Fcomments&post=2522"}],"version-history":[{"count":2,"href":"http:\/\/www.rozalia-zagnansk.pl\/index.php?rest_route=\/wp\/v2\/posts\/2522\/revisions"}],"predecessor-version":[{"id":2529,"href":"http:\/\/www.rozalia-zagnansk.pl\/index.php?rest_route=\/wp\/v2\/posts\/2522\/revisions\/2529"}],"wp:attachment":[{"href":"http:\/\/www.rozalia-zagnansk.pl\/index.php?rest_route=%2Fwp%2Fv2%2Fmedia&parent=2522"}],"wp:term":[{"taxonomy":"category","embeddable":true,"href":"http:\/\/www.rozalia-zagnansk.pl\/index.php?rest_route=%2Fwp%2Fv2%2Fcategories&post=2522"},{"taxonomy":"post_tag","embeddable":true,"href":"http:\/\/www.rozalia-zagnansk.pl\/index.php?rest_route=%2Fwp%2Fv2%2Ftags&post=2522"}],"curies":[{"name":"wp","href":"https:\/\/api.w.org\/{rel}","templated":true}]}}