{"id":249,"date":"2017-01-14T20:59:41","date_gmt":"2017-01-14T20:59:41","guid":{"rendered":"http:\/\/www.rozalia.kielce.opoka.org.pl\/?p=249"},"modified":"2017-01-14T22:00:16","modified_gmt":"2017-01-14T22:00:16","slug":"ogloszenia-duszpasterskie-15-stycznia-2017r","status":"publish","type":"post","link":"http:\/\/www.rozalia-zagnansk.pl\/?p=249","title":{"rendered":"Og\u0142oszenia duszpasterskie 15 stycznia 2017r."},"content":{"rendered":"<p><strong>Og\u0142oszenia duszpasterskie 15.01.2017<\/strong><\/p>\n<p>&nbsp;<\/p>\n<p>Prze\u017cywamy dzisiaj II Niedziel\u0119 zwyk\u0142\u0105<\/p>\n<p>Powiedzia\u0142 Jezus o Janie Chrzcicielu, Powiadam wam : Mi\u0119dzy narodzonymi z niewiast nie ma wi\u0119kszego od Jana. \u0141k 7, 28 By\u0142 najwi\u0119kszym wed\u0142ug \u015bwiadectwa Jezusa, a jednak Jan powiedzia\u0142 o sobie \u201eTrzeba, by On wzrasta\u0142, a ja \u017cebym si\u0119 umniejsza\u0142\u201d J 3,30\u00a0 Zgoda na Bo\u017c\u0105 hierarchi\u0119 i system warto\u015bci skutkuje szcz\u0119\u015bliwym i pouk\u0142adanym \u017cyciem. Kroczenie w\u0142asnymi drogami, wed\u0142ug mojego widzimisie sprowadza na nas cierpienie i bezsens \u017cycia, chocia\u017c by\u015bmy op\u0142ywali we wszystko !!!<\/p>\n<p>&nbsp;<\/p>\n<p>We wtorek wspomnienie \u015bw. Antoniego Opata<\/p>\n<p>W \u015brod\u0119 Tydzie\u0144 Modlitw o Jedno\u015b\u0107 Chrze\u015bcijan (18-25 stycznia)<\/p>\n<p>W czwartek wspomnienie \u015bw. J\u00f3zefa Sebastiana Pelczara bp.<\/p>\n<p>W sobot\u0119 \u015bw. Agnieszki dziewicy i m\u0119czennicy<\/p>\n<p>Dzi\u0119kuj\u0119 za przygotowanie \u015bwi\u0105tyni do niedzielnej liturgii III Grupie sprz\u0105taj\u0105cej z Gruszki, ofiara zebrana na energi\u0119 elektryczn\u0105 w wysoko\u015bci 180 z\u0142. Msza \u015bw. w intencji tych rodzin b\u0119dzie sprawowana 12 lutego o godz. 10.00<\/p>\n<p>&nbsp;<\/p>\n<p>Wyra\u017camy wraz z Dyrekcj\u0105 szko\u0142y nr 1 w Zagna\u0144sku Chrustach rado\u015b\u0107 i wdzi\u0119czno\u015b\u0107 za zorganizowanie w ostatni czwartek I Gminnego Przegl\u0105du Kol\u0119d, Pastora\u0142ek i Piosenek \u015awi\u0105tecznych. Na r\u0119ce Pani Doroty Sabat pragn\u0119 podzi\u0119kowa\u0107 Wszystkim Organizatorom i Sponsorom a dzieciom i m\u0142odzie\u017cy \u017cycz\u0119 dalszego rozwoju talentu wokalnego.<\/p>\n<p>W imieniu Ruchu \u015awiat\u0142o-\u017bycie zapraszam w ferie dzieci i m\u0142odzie\u017c na rekolekcje ewangelizacyjne. Odb\u0119d\u0105 si\u0119 one w o\u015brodku w D\u0119bnie k\/Bodzentyna ( osobom zainteresowanym podam szczeg\u00f3\u0142y w zakrystii )<\/p>\n<p>1 TURNUS &#8211; 27.01.2017 &#8211; 30.01.2017 DLA KLAS IV, V I VI SZKO\u0141Y PODSTAWOWEJ. &#8211; KOSZT 140 Z\u0141<\/p>\n<p>2 TURNUS &#8211; 30.01.2017 &#8211; 05.02.2017 DLA KLAS I i II GIMNAZJUM &#8211; KOSZT 240 Z\u0141<\/p>\n<p>3 TURNUS &#8211; 05.02.2017 &#8211; 11.02.2017 DLA KLAS III GIMNAZJUM I SZK\u00d3\u0141 \u015aREDNICH \u2013 KOSZT 240 Z\u0141<\/p>\n<p>ZG\u0141OSZENIA W REFERACIE \u015aWIAT\u0141O &#8211; \u017bYCIE TEL. <strong>608478596<\/strong><\/p>\n<p>Rekolekcje oparte s\u0105 na g\u0142oszeniu czterech praw \u017cycia duchowego z wykorzystaniem spotka\u0144 w grupie, nabo\u017ce\u0144stw,\u00a0dynamik i zabawy. Daj\u0105 one r\u00f3wnie\u017c mo\u017cliwo\u015b\u0107 zawi\u0105zania grupy oazowej w parafii, dlatego zach\u0119camy do wys\u0142ania z parafii kilku os\u00f3b na dany turnus.<\/p>\n<p>&nbsp;<\/p>\n<p>&nbsp;<\/p>\n<p>Serdecznie zapraszam na koncert KIELECKIE BETLEJEM<\/p>\n<p>Koncert odb\u0119dzie si\u0119 20 stycznia 2017 roku o godz. 19.00 w Kielcach \u2013 Hala Legion\u00f3w, ul. Leszka Drogosza 2. Organizatorem jest Fundacja \u201e\u015awiat\u0142o-\u017bycie\u201d. Koncert realizowany jest przez najwi\u0119ksze gwiazdy estrady m. in. TGD, Natalia Niemen, Marika, Kuba Badach, Piotr Cugowski oraz MateO. Arty\u015bci wykonaj\u0105 na scenie w nowych i oryginalnych aran\u017cacjach najpi\u0119kniejsze kol\u0119dy i pie\u015bni bo\u017conarodzeniowe z r\u00f3\u017cnych stron \u015bwiata. Szczeg\u00f3\u0142y na plakacie w gablocie oraz na stronie internetowej parafii.<\/p>\n<p>Koncert <em>Kieleckie <\/em><em>Betlejem <\/em>zosta\u0142 obj\u0119ty patronatem Biskupa Kieleckiego \u00a0Jana\u00a0 Piotrowskiego oraz Konferencji Episkopatu Polski. Patronem medialnym przedsi\u0119wzi\u0119cia jest telewizja Polska S. A.<\/p>\n<p>Koncert realizowany jest przez najwi\u0119ksze gwiazdy estrady m. in. TGD, Natalia Niemen, Marika, Kuba Badach, Piotr Cugowski oraz Mate.O. Arty\u015bci wykonaj\u0105 na scenie 360<sup>0<\/sup> w nowych i oryginalnych aran\u017cacjach najpi\u0119kniejsze kol\u0119dy i pie\u015bni bo\u017conarodzeniowe z r\u00f3\u017cnych stron \u015bwiata.<\/p>\n<p>Koncert <em>Kieleckie<\/em> <em>Betlejem <\/em>b\u0119dzie mia\u0142 nie tylko muzyczny charakter. Wydarzenie stworzy przestrze\u0144 do wsp\u00f3lnego, obywatelskiego \u015bwi\u0119towania czasu Bo\u017cego Narodzenia. Dlatego te\u017c trasa koncertowa <em>Betlejem w Polsce <\/em>ma r\u00f3wnie\u017c wymiar kulturowy, a nawet ewangelizacyjny i misyjny.<\/p>\n<p>Mamy nadziej\u0119 na Pa\u0144stwa przybycie i promowanie koncertu w swoich wsp\u00f3lnotach parafialnych, \u015brodowiskach pracy, szko\u0142ach i urz\u0119dach. Bilety na koncert s\u0105 do nabycia w wielu parafiach naszej diecezji, jak r\u00f3wnie\u017c mo\u017cna je naby\u0107 w Kurii Diecezjalnej w Kielcach oraz na <a href=\"http:\/\/www.biety24.pl\/\">www.biety24.pl<\/a><\/p>\n<p>22 stycznia o godz. 17.00 w Centrum Kongresowym Targ\u00f3w Kielce (ul. Zak\u0142adowa 1, sala OMEGA) odb\u0119dzie si\u0119 Noworoczny Koncert Kol\u0119d i Pastora\u0142ek. Wyst\u0105pi\u0105: zesp\u00f3\u0142 Wo\u0142osatki, Oratorium \u015awi\u0119tokrzyskie \u015aw. Jana Bosko, laureaci X \u015awi\u0119tokrzyskiego Festiwalu Kol\u0119d i Pastora\u0142ek oraz pracownicy Targ\u00f3w Kielce ze spektaklem \u201eJeden zero dla Nieba\u201d. Wst\u0119p bezp\u0142atny.<\/p>\n<p>Ponawiam zaproszenie wychowawc\u00f3w Klubu M\u0142odzie\u017cowego \u201eWolna Strefa\u201d. Zach\u0119cam dzieci i m\u0142odzie\u017c do uczestnictwa w nieodp\u0142atnych zaj\u0119ciach klubowych, czeka ich wiele atrakcji.<\/p>\n<p>&nbsp;<\/p>\n<p><strong><u>Porz\u0105dek wizyty duszpasterskiej w tym tygodniu:<\/u><\/strong><\/p>\n<p>&nbsp;<\/p>\n<p><strong>16 stycznia <\/strong>\u00a0(poniedzia\u0142ek) \u2013 od godz. 14.00 \u2013 <strong>Chrusty<\/strong><\/p>\n<p>1 ksi\u0105dz od nr 1;\u00a0\u00a0\u00a0\u00a0\u00a0\u00a0\u00a0\u00a0\u00a0\u00a0\u00a0\u00a0\u00a0\u00a0\u00a0\u00a0\u00a0\u00a0\u00a0\u00a0\u00a0\u00a0 2 ksi\u0105dz od nr 41 do siebie<\/p>\n<p><strong>17 stycznia<\/strong> (wtorek) \u2013 od godz. 14.00 \u2013 <strong>Chrusty\u00a0 <\/strong><\/p>\n<p>1 ksi\u0105dz od nr 44;\u00a0\u00a0\u00a0\u00a0\u00a0\u00a0\u00a0\u00a0\u00a0\u00a0\u00a0\u00a0\u00a0\u00a0\u00a0\u00a0\u00a0\u00a0\u00a0 2 ksi\u0105dz od nr 95 do siebie<\/p>\n<p><strong>18 stycznia <\/strong>(\u015broda) \u2013 od godz. 14.00 \u2013 <strong>Jaworze<\/strong><\/p>\n<p>1 ksi\u0105dz od nr 1; \u00a0 \u00a0 \u00a0 \u00a0 \u00a0 \u00a0 \u00a0 \u00a0 \u00a0 \u00a0 \u00a0 2 ksi\u0105dz od nr 45 do siebie<\/p>\n<p><strong>19 stycznia<\/strong> (czwartek) od godz. 14.00 \u2013 <strong>Jaworze<\/strong><\/p>\n<p>1 ksi\u0105dz \u2013 od nr 46\u00a0\u00a0\u00a0\u00a0\u00a0\u00a0\u00a0\u00a0\u00a0\u00a0\u00a0\u00a0\u00a0\u00a0\u00a0\u00a0 drugi ksi\u0105dz od nr 100 do siebie<\/p>\n<p><strong>20 stycznia<\/strong> (pi\u0105tek) od godz. 14.00 \u2013 <strong>Wrzosy<\/strong><\/p>\n<p>1 ksi\u0105dz od nr 1; \u00a0 \u00a0 \u00a0 \u00a0 \u00a0 \u00a0 \u00a0 \u00a0 \u00a0 \u00a0 \u00a0\u00a0 2 ksi\u0105dz nr 36 do siebie<\/p>\n<p>&nbsp;<\/p>\n ","protected":false},"excerpt":{"rendered":"<p>Og\u0142oszenia duszpasterskie 15.01.2017 &nbsp; Prze\u017cywamy dzisiaj II Niedziel\u0119 zwyk\u0142\u0105 Powiedzia\u0142 Jezus o Janie Chrzcicielu, Powiadam wam : Mi\u0119dzy narodzonymi z niewiast nie [&hellip;]<\/p>\n","protected":false},"author":1,"featured_media":0,"comment_status":"open","ping_status":"open","sticky":false,"template":"","format":"link","meta":{"_acf_changed":false,"jetpack_post_was_ever_published":false,"_jetpack_newsletter_access":"","_jetpack_dont_email_post_to_subs":false,"_jetpack_newsletter_tier_id":0,"_jetpack_memberships_contains_paywalled_content":false,"_jetpack_memberships_contains_paid_content":false,"footnotes":"","jetpack_publicize_message":"","jetpack_publicize_feature_enabled":true,"jetpack_social_post_already_shared":false,"jetpack_social_options":{"image_generator_settings":{"template":"highway","enabled":false},"version":2}},"categories":[3],"tags":[],"class_list":["post-249","post","type-post","status-publish","format-link","hentry","category-ogloszenia","post_format-post-format-link"],"jetpack_publicize_connections":[],"acf":[],"jetpack_featured_media_url":"","jetpack_sharing_enabled":true,"jetpack_shortlink":"https:\/\/wp.me\/paz7cl-41","_links":{"self":[{"href":"http:\/\/www.rozalia-zagnansk.pl\/index.php?rest_route=\/wp\/v2\/posts\/249","targetHints":{"allow":["GET"]}}],"collection":[{"href":"http:\/\/www.rozalia-zagnansk.pl\/index.php?rest_route=\/wp\/v2\/posts"}],"about":[{"href":"http:\/\/www.rozalia-zagnansk.pl\/index.php?rest_route=\/wp\/v2\/types\/post"}],"author":[{"embeddable":true,"href":"http:\/\/www.rozalia-zagnansk.pl\/index.php?rest_route=\/wp\/v2\/users\/1"}],"replies":[{"embeddable":true,"href":"http:\/\/www.rozalia-zagnansk.pl\/index.php?rest_route=%2Fwp%2Fv2%2Fcomments&post=249"}],"version-history":[{"count":4,"href":"http:\/\/www.rozalia-zagnansk.pl\/index.php?rest_route=\/wp\/v2\/posts\/249\/revisions"}],"predecessor-version":[{"id":251,"href":"http:\/\/www.rozalia-zagnansk.pl\/index.php?rest_route=\/wp\/v2\/posts\/249\/revisions\/251"}],"wp:attachment":[{"href":"http:\/\/www.rozalia-zagnansk.pl\/index.php?rest_route=%2Fwp%2Fv2%2Fmedia&parent=249"}],"wp:term":[{"taxonomy":"category","embeddable":true,"href":"http:\/\/www.rozalia-zagnansk.pl\/index.php?rest_route=%2Fwp%2Fv2%2Fcategories&post=249"},{"taxonomy":"post_tag","embeddable":true,"href":"http:\/\/www.rozalia-zagnansk.pl\/index.php?rest_route=%2Fwp%2Fv2%2Ftags&post=249"}],"curies":[{"name":"wp","href":"https:\/\/api.w.org\/{rel}","templated":true}]}}