{"id":244,"date":"2017-01-07T21:59:07","date_gmt":"2017-01-07T21:59:07","guid":{"rendered":"http:\/\/www.rozalia.kielce.opoka.org.pl\/?p=244"},"modified":"2017-01-07T22:02:41","modified_gmt":"2017-01-07T22:02:41","slug":"intencje-2","status":"publish","type":"post","link":"http:\/\/www.rozalia-zagnansk.pl\/?p=244","title":{"rendered":"Intencje"},"content":{"rendered":"<p><strong>INTENCJE MSZY \u015aW. 09. 01.2017r.\u2013 15.01.2017r.<\/strong><\/p>\n<p><strong>\u00a0<\/strong><\/p>\n<p><strong>PONIEDZIA\u0141EK \u2013 09 stycznia<\/strong><\/p>\n<p><strong>8.00<\/strong><\/p>\n<p><strong>WTOREK \u2013 10 stycznia <\/strong><\/p>\n<p><strong>08.00<\/strong><\/p>\n<p><strong>\u015aRODA \u2013 11 stycznia <\/strong><\/p>\n<p><strong>08.00 <\/strong><\/p>\n<p>+ Izydora Salwy od chrze\u015bniaka Janusza z rodz.<\/p>\n<p><strong>CZWARTEK \u2013 12 stycznia<\/strong><\/p>\n<p><strong>8.00<br \/>\n<\/strong><\/p>\n<p><strong>PI\u0104TEK \u2013 13 stycznia \u2013<\/strong><\/p>\n<p><strong>8.00<\/strong><\/p>\n<p><strong>SOBOTA \u2013 14 stycznia <\/strong><\/p>\n<p><strong>08.00<\/strong><\/p>\n<p>+ Jana Jo\u0144czyka od rodz. Obarskich i Pawelc\u00f3w<\/p>\n<p><strong>NIEDZIELA \u2013 15 stycznia \u2013II Niedziela Zwyk\u0142a<\/strong><\/p>\n<p><strong>8.00<\/strong><\/p>\n<p>W 1 rocznic\u0119 urodzin Mi\u0142osza od dziadk\u00f3w<\/p>\n<p>+ Jerzego Kopcia od \u017cony Leokadii z rodz.<\/p>\n<p>+ Marianny w 5 rocz. \u015bmierci, J\u00f3zefa Tkacz<\/p>\n<p>+ Izydora Salwy od rodz. Gosek<\/p>\n<p>+ Jana Jo\u0144czyka od uczestnik\u00f3w pogrzebu<\/p>\n<p>+ Rozalii Kope\u0107 w 20 rocz. \u015bmierci, J\u00f3zefa, Stanis\u0142awa, W\u0142adys\u0142awa Kopci\u00f3w, Danuty Marka Zych<\/p>\n<p>+ Haliny Dzia\u0142ak od c\u00f3rki Agnieszki z rodz.<\/p>\n<p><strong>10.00<\/strong><\/p>\n<p>Do Serca Jezusowego i Matki Bo\u017cej Nieustaj\u0105cej Pomocy o Bo\u017ce b\u0142. i zdrowie dla kap\u0142an\u00f3w pracuj\u0105cych w naszej parafii, cz\u0142onk\u00f3w Patronki dobrej \u015bmierci i ich rodzin, chorych i samotnych zam. P. Kubicka<\/p>\n<p>+ Ks. Pra\u0142ata Tadeusza Skrzyniarza \u2013 od mieszka\u0144c\u00f3w Belna.<\/p>\n<p>+ Weroniki w 4 rocz. \u015bmierci J\u00f3zefa Karcz<\/p>\n<p>+ Mariana Pacan w 2 rocz. \u015bmierci<\/p>\n<p>+ Stanis\u0142awa B\u0142o\u0144skiego, J\u00f3zefy Antoniego z rodz. Jo\u0144czyk\u00f3w<\/p>\n<p>+ Alberta Dobrowolskiego od c\u00f3rki Justyny z rodz.<\/p>\n<p>+ Stanis\u0142awa Kubickiego od p. Grodzieckich<\/p>\n<p>+ Stanis\u0142awy w 5 rocz. \u015bmierci Stefana Starz, Jerzego Paryska<\/p>\n<p>+ Rozalii Stanis\u0142awa Bracha<\/p>\n<p><strong>12.00<\/strong><\/p>\n<p>Dzi\u0119kczynna za otrzymane \u0142aski z pro\u015bba o Bo\u017ce b\u0142og.\u00a0 i opiek\u0119 Matki Bo\u017cej dla Janiny z racji 88 rocz. urodzin<\/p>\n<p>W 18 rocz. urodzin Sary z pro\u015bba o Bo\u017ce b\u0142og. i dary Ducha \u015awi\u0119tego<\/p>\n<p>+ Stanis\u0142awa Religi<\/p>\n<p>+ Henryka Zimnickiego w 15 rocz. i Wiktorii Zimnickiej w 13 rocz.\u00a0 \u015bmierci<\/p>\n<p>+ Ireny Stanis\u0142awa Anieli Zieli\u0144skich, Agaty Franciszka Gosk\u00f3w<\/p>\n<p>+ Stanis\u0142awa Jo\u0144czyk od c\u00f3rki Anny z m\u0119\u017cem Jaros\u0142awem<\/p>\n<p>+ Stanis\u0142awa Papros w 2 rocz. \u015bmierci<\/p>\n<p>+ Jaros\u0142awa w 11 rocz. \u015bmierci, Zdzis\u0142awa Dziedzic, Stanis\u0142awa<\/p>\n<p>w 12 rocz. \u015bmierci Heleny Waksmundzkich, Franciszk\u0119 Stanis\u0142awa Ga\u0142a<\/p>\n<p>+ Tadeusza Marcisz w 6 rocz. \u015bmierci<\/p>\n<p><strong>\u00a0<\/strong><\/p>\n<p><strong>16.00<\/strong><\/p>\n ","protected":false},"excerpt":{"rendered":"<p>INTENCJE MSZY \u015aW. 09. 01.2017r.\u2013 15.01.2017r. \u00a0 PONIEDZIA\u0141EK \u2013 09 stycznia 8.00 WTOREK \u2013 10 stycznia 08.00 \u015aRODA \u2013 11 stycznia 08.00 [&hellip;]<\/p>\n","protected":false},"author":1,"featured_media":0,"comment_status":"open","ping_status":"open","sticky":false,"template":"","format":"standard","meta":{"_acf_changed":false,"jetpack_post_was_ever_published":false,"_jetpack_newsletter_access":"","_jetpack_dont_email_post_to_subs":false,"_jetpack_newsletter_tier_id":0,"_jetpack_memberships_contains_paywalled_content":false,"_jetpack_memberships_contains_paid_content":false,"footnotes":"","jetpack_publicize_message":"","jetpack_publicize_feature_enabled":true,"jetpack_social_post_already_shared":false,"jetpack_social_options":{"image_generator_settings":{"template":"highway","enabled":false},"version":2}},"categories":[8],"tags":[],"class_list":["post-244","post","type-post","status-publish","format-standard","hentry","category-intencje"],"jetpack_publicize_connections":[],"acf":[],"jetpack_featured_media_url":"","jetpack_sharing_enabled":true,"jetpack_shortlink":"https:\/\/wp.me\/paz7cl-3W","_links":{"self":[{"href":"http:\/\/www.rozalia-zagnansk.pl\/index.php?rest_route=\/wp\/v2\/posts\/244","targetHints":{"allow":["GET"]}}],"collection":[{"href":"http:\/\/www.rozalia-zagnansk.pl\/index.php?rest_route=\/wp\/v2\/posts"}],"about":[{"href":"http:\/\/www.rozalia-zagnansk.pl\/index.php?rest_route=\/wp\/v2\/types\/post"}],"author":[{"embeddable":true,"href":"http:\/\/www.rozalia-zagnansk.pl\/index.php?rest_route=\/wp\/v2\/users\/1"}],"replies":[{"embeddable":true,"href":"http:\/\/www.rozalia-zagnansk.pl\/index.php?rest_route=%2Fwp%2Fv2%2Fcomments&post=244"}],"version-history":[{"count":2,"href":"http:\/\/www.rozalia-zagnansk.pl\/index.php?rest_route=\/wp\/v2\/posts\/244\/revisions"}],"predecessor-version":[{"id":246,"href":"http:\/\/www.rozalia-zagnansk.pl\/index.php?rest_route=\/wp\/v2\/posts\/244\/revisions\/246"}],"wp:attachment":[{"href":"http:\/\/www.rozalia-zagnansk.pl\/index.php?rest_route=%2Fwp%2Fv2%2Fmedia&parent=244"}],"wp:term":[{"taxonomy":"category","embeddable":true,"href":"http:\/\/www.rozalia-zagnansk.pl\/index.php?rest_route=%2Fwp%2Fv2%2Fcategories&post=244"},{"taxonomy":"post_tag","embeddable":true,"href":"http:\/\/www.rozalia-zagnansk.pl\/index.php?rest_route=%2Fwp%2Fv2%2Ftags&post=244"}],"curies":[{"name":"wp","href":"https:\/\/api.w.org\/{rel}","templated":true}]}}