{"id":2412,"date":"2020-01-11T22:05:17","date_gmt":"2020-01-11T22:05:17","guid":{"rendered":"http:\/\/www.rozalia-zagnansk.pl\/?p=2412"},"modified":"2020-01-11T22:05:17","modified_gmt":"2020-01-11T22:05:17","slug":"ogloszenia-duszpasterskie-12-01-2020-r","status":"publish","type":"post","link":"http:\/\/www.rozalia-zagnansk.pl\/?p=2412","title":{"rendered":"Og\u0142oszenia duszpasterskie 12.01.2020 r."},"content":{"rendered":"<p style=\"text-align: center;\"><strong>Og\u0142oszenia duszpasterskie 12.01.2020 r. <\/strong><\/p>\n<p>A gdy Jezus zosta\u0142 ochrzczony \u2026 \u00a0oto g\u0142os z nieba m\u00f3wi\u0142: \u00abTen jest m\u00f3j Syn umi\u0142owany, w kt\u00f3rym mam upodobanie\u00bb. Niezwyk\u0142ym jest, \u017ce Ten, kt\u00f3ry by\u0142 bez grzechu, przyjmuje chrzest jak grzesznicy \u2013 dlaczego? Wyja\u015bnia nam \u015bw. Maksym \u2013 biskup Turynu: Jego przyj\u015bcie na \u015bwiat by\u0142o narodzeniem si\u0119 dla ludzi, a Jego chrzest by\u0142 objawieniem si\u0119 mocy Bo\u017cej. Najpierw Pan narodzi\u0142 si\u0119 z Dziewicy, teraz za\u015b ukazuje si\u0119 jako Syn Bo\u017cy. Gdy si\u0119 narodzi\u0142, Maryja, Jego Matka, z mi\u0142o\u015bci\u0105 tuli\u0142a Go do serca; a przy chrzcie, gdy ukazuje si\u0119 w Nim tajemna moc Bo\u017ca, B\u00f3g Ojciec m\u00f3wi Mu o swej mi\u0142o\u015bci: &#8222;Ten jest m\u00f3j Syn umi\u0142owany, w kt\u00f3rym mam upodobanie. Jego s\u0142uchajcie&#8221;. Tak wi\u0119c Matka pie\u015bci Go jako dzieci\u0119 na swym \u0142onie, Ojciec za\u015b z mi\u0142o\u015bci\u0105 \u015bwiadczy o Nim jako o swym Synu. To jest ta chwila, gdy Jezus z moc\u0105 Bo\u017c\u0105 wkracza w \u015bwiat i dokonuje tych wszystkich dzie\u0142, jak za\u015bwiadcza \u015bw. Pawe\u0142: znacie spraw\u0119 Jezusa z Nazaretu, kt\u00f3rego B\u00f3g nama\u015bci\u0142 duchem \u015awi\u0119tym i moc\u0105. dlatego \u017ce B\u00f3g by\u0142 z Nim, przeszed\u0142 on, dobrze czyni\u0105c i uzdrawiaj\u0105c wszystkich, kt\u00f3rzy byli pod w\u0142adz\u0105 diab\u0142a\u00bb.<\/p>\n<p>Tak\u017ce dzisiaj Pan pragnie czyni\u0107 w Twoim \u017cyciu znaki mocy. Czy wierzysz?<\/p>\n<p>Dzi\u0119kuj\u0119 dzieciom przygotowanym przez ks. Janusza i Pani\u0105 Bogus\u0142aw\u0119 Misterkiewicz ze Szko\u0142y nr. 1 w Zagna\u0144sku Chrustach oraz Rodzicom za pi\u0119kn\u0105 inscenizacj\u0119 Jase\u0142ek.<\/p>\n<p>B\u00f3g zap\u0142a\u0107 II gr. Rodzin z ul. Turystycznej za trosk\u0119 o ko\u015bci\u00f3\u0142 i ofiar\u0119 110 z\u0142.\u00a0 Msza \u015bw. w intencji tych Rodzin w \u015brod\u0119 o godz. 17<sup>00<\/sup>. W sobot\u0119 zapraszam kolejne 10 Rodzin z ul.\u00a0 Turystycznej.<\/p>\n<p><strong><u>Porz\u0105dek kol\u0119dy w tym tygodniu<\/u><\/strong><\/p>\n<table>\n<tbody>\n<tr>\n<td>Chrusty nr 1 \u2013 42 \/ ksi\u0119\u017ca do siebie<\/td>\n<td>13.01 \u2013 Pn.<\/td>\n<td>14.00<\/td>\n<\/tr>\n<tr>\n<td>Chrusty nr 44 \u2013 101 + Laskowa \/ ks. do siebie<\/td>\n<td>14.01 \u2013 Wt.<\/td>\n<td>14.00<\/td>\n<\/tr>\n<tr>\n<td>ul. Wrzosowa 1 ks. od nr 5 od godz. 15.00 \/ 2 ks. od nr 47 od godz. 18.00<\/td>\n<td colspan=\"2\">15.01 \u2013 \u015ar.\u00a0 ksi\u0119\u017c\u0105 b\u0119d\u0105 szli do siebie.<\/td>\n<\/tr>\n<tr>\n<td>Gruszka nr 10 \u2013 62; 5 \u2013 43C ks. r\u00f3wnolegle<\/td>\n<td>16.01 \u2013 Czw.<\/td>\n<td>14.00<\/td>\n<\/tr>\n<tr>\n<td>Gruszka nr 74 \u2013 114; 51 \u2013 101 ks. r\u00f3wnolegle<\/td>\n<td>17.01 \u2013 Pt.<\/td>\n<td>14.00<\/td>\n<\/tr>\n<tr>\n<td>Gruszka nr 107 \u2013 185 +Urocza ks. r\u00f3wnolegle<\/td>\n<td>18.01\u00a0 \u2013 Sb.<\/td>\n<td>10.00<\/td>\n<\/tr>\n<\/tbody>\n<\/table>\n<p>Dobro nie zna granic. W przysz\u0142\u0105 niedziel\u0119, 19.01. m\u0142odzie\u017c ze Szkolnego Ko\u0142a Wolontariatu przy SP nr 1 w Zagna\u0144sku oraz harcerze z 27 Dru\u017cyny Harcerskiej im. Tadeusza Ko\u015bciuszki b\u0119d\u0105 zbiera\u0107 datki na rzecz muzyka &#8211; Jacka Janiszewskiego. Zbi\u00f3rka odb\u0119dzie si\u0119 po ka\u017cdej Mszy \u015awi\u0119tej. Organizatorzy b\u0119d\u0105 wdzi\u0119czni za ka\u017cd\u0105 z\u0142ot\u00f3wk\u0119. Zebrana kwota w ca\u0142o\u015bci zostanie przeznaczona na rehabilitacj\u0119 Jacka, kt\u00f3ry obecnie jest po dw\u00f3ch operacjach usuni\u0119cia guza m\u00f3zgu. <strong>Jego przyjaciele zapraszaj\u0105 na koncert kol\u0119d, kt\u00f3ry odb\u0119dzie si\u0119 o godzinie 17.15 w naszym ko\u015bciele w przysz\u0142\u0105 niedziel\u0119.<\/strong> Wyst\u0105pi\u0105: Agnieszka Majcher, Szymon Jaros, Katarzyna Lisowska, Ch\u00f3r Fermata. Mam \u015bwiadomo\u015b\u0107, \u017ce dzisiaj wolontariusze kwestuj\u0105 na rzecz dzieci\u0119cej medycyny, to jednak zach\u0119cam, aby za tydzie\u0144 wesprze\u0107 ten szlachetny cel. Serdecznie zapraszam w imieniu Organizator\u00f3w.<\/p>\n<p>Od 18 do 25 stycznia prze\u017cywamy w Ko\u015bciele Tydzie\u0144 Modlitw o Jedno\u015b\u0107 Chrze\u015bcijan. Tegorocznym has\u0142em s\u0105 s\u0142owa zaczerpni\u0119te z Dziej\u00f3w Apostolskich: \u201e\u017byczliwymi b\u0105d\u017amy\u201d (por. Dz 28, 2). Zach\u0119camy czcigodnych Ksi\u0119\u017cy i wszystkich wiernych do udzia\u0142u w obchodach Tygodnia Modlitw o Jedno\u015b\u0107 Chrze\u015bcijan, kt\u00f3re w uroczysty spos\u00f3b rozpoczn\u0105 si\u0119 18 stycznia br. o godz. 18. 30 w ko\u015bciele pw. \u015aw. Jana Paw\u0142a II w Kielcach pod przewodnictwem Biskupa Kieleckiego Jana Piotrowskiego. Pami\u0119tajmy w naszej modlitwie o tej szczeg\u00f3lnej intencji, kt\u00f3ra w tym tygodniu gromadzi chrze\u015bcijan r\u00f3\u017cnych wyzna\u0144.<\/p>\n<p><a href=\"http:\/\/www.rozalia-zagnansk.pl\/wp-content\/uploads\/2020\/01\/Plakat-Tydzie\u0144-Modlitw-o-Jedno\u015b\u0107-Chrze\u015bcijan-2020-A3-.pdf\">Tydzie\u0144 Modlitw o Jedno\u015b\u0107 Chrze\u015bcijan 2020 &#8211; program obchod\u00f3w<\/a><\/p>\n<p>Zach\u0119cam aby\u015bmy podj\u0119li intensywn\u0105 modlitw\u0119 o pok\u00f3j na \u015bwiecie, szczeg\u00f3lnie na Bliskim Wschodzie.<\/p>\n<p><a href=\"http:\/\/www.rozalia-zagnansk.pl\/wp-content\/uploads\/2020\/01\/Niedzielnik-2020.01.12.pdf\">Niedzielnik 2020.01.12<\/a><\/p>\n ","protected":false},"excerpt":{"rendered":"<p>Og\u0142oszenia duszpasterskie 12.01.2020 r. A gdy Jezus zosta\u0142 ochrzczony \u2026 \u00a0oto g\u0142os z nieba m\u00f3wi\u0142: \u00abTen jest m\u00f3j Syn umi\u0142owany, w kt\u00f3rym [&hellip;]<\/p>\n","protected":false},"author":1,"featured_media":0,"comment_status":"closed","ping_status":"open","sticky":false,"template":"","format":"standard","meta":{"_acf_changed":false,"jetpack_post_was_ever_published":false,"_jetpack_newsletter_access":"","_jetpack_dont_email_post_to_subs":false,"_jetpack_newsletter_tier_id":0,"_jetpack_memberships_contains_paywalled_content":false,"_jetpack_memberships_contains_paid_content":false,"footnotes":"","jetpack_publicize_message":"","jetpack_publicize_feature_enabled":true,"jetpack_social_post_already_shared":true,"jetpack_social_options":{"image_generator_settings":{"template":"highway","enabled":false},"version":2}},"categories":[3],"tags":[],"class_list":["post-2412","post","type-post","status-publish","format-standard","hentry","category-ogloszenia"],"jetpack_publicize_connections":[],"acf":[],"jetpack_featured_media_url":"","jetpack_sharing_enabled":true,"jetpack_shortlink":"https:\/\/wp.me\/paz7cl-CU","_links":{"self":[{"href":"http:\/\/www.rozalia-zagnansk.pl\/index.php?rest_route=\/wp\/v2\/posts\/2412","targetHints":{"allow":["GET"]}}],"collection":[{"href":"http:\/\/www.rozalia-zagnansk.pl\/index.php?rest_route=\/wp\/v2\/posts"}],"about":[{"href":"http:\/\/www.rozalia-zagnansk.pl\/index.php?rest_route=\/wp\/v2\/types\/post"}],"author":[{"embeddable":true,"href":"http:\/\/www.rozalia-zagnansk.pl\/index.php?rest_route=\/wp\/v2\/users\/1"}],"replies":[{"embeddable":true,"href":"http:\/\/www.rozalia-zagnansk.pl\/index.php?rest_route=%2Fwp%2Fv2%2Fcomments&post=2412"}],"version-history":[{"count":1,"href":"http:\/\/www.rozalia-zagnansk.pl\/index.php?rest_route=\/wp\/v2\/posts\/2412\/revisions"}],"predecessor-version":[{"id":2415,"href":"http:\/\/www.rozalia-zagnansk.pl\/index.php?rest_route=\/wp\/v2\/posts\/2412\/revisions\/2415"}],"wp:attachment":[{"href":"http:\/\/www.rozalia-zagnansk.pl\/index.php?rest_route=%2Fwp%2Fv2%2Fmedia&parent=2412"}],"wp:term":[{"taxonomy":"category","embeddable":true,"href":"http:\/\/www.rozalia-zagnansk.pl\/index.php?rest_route=%2Fwp%2Fv2%2Fcategories&post=2412"},{"taxonomy":"post_tag","embeddable":true,"href":"http:\/\/www.rozalia-zagnansk.pl\/index.php?rest_route=%2Fwp%2Fv2%2Ftags&post=2412"}],"curies":[{"name":"wp","href":"https:\/\/api.w.org\/{rel}","templated":true}]}}