{"id":2362,"date":"2019-11-30T16:05:38","date_gmt":"2019-11-30T16:05:38","guid":{"rendered":"http:\/\/www.rozalia-zagnansk.pl\/?p=2362"},"modified":"2019-11-30T16:06:01","modified_gmt":"2019-11-30T16:06:01","slug":"2362","status":"publish","type":"post","link":"http:\/\/www.rozalia-zagnansk.pl\/?p=2362","title":{"rendered":"Og\u0142oszenia duszpasterskie 01.12.2019 r."},"content":{"rendered":"<p style=\"text-align: center;\"><strong>Og\u0142oszenia duszpasterskie 01.12.2019 r.<\/strong><\/p>\n<p style=\"text-align: left;\">Ciebie, Bo\u017ce Serce \u2013 Mi\u0142o\u015bci odwieczna, uznajemy na zawsze g\u0142ow\u0105 naszej rodziny. Poddajemy Twemu panowaniu nasze umys\u0142y przez \u017cyw\u0105 wiar\u0119; poddajemy wol\u0119 przez zachowanie Twoich przykaza\u0144. Mam nadziej\u0119, \u017ce tre\u015b\u0107 zawierzeniu NSPJ, stanie si\u0119 fundamentem naszych rodzin. Dzisiaj w \u015bwiecie tak pot\u0119\u017cnego chaosu warto\u015bci i zmasowanego ataku na rodzin\u0119, mo\u017cemy znale\u017a\u0107 jedyne pewne, niewzruszone podstawy \u017cycia rodzinnego w Panu Jezusie Chrystusie, <strong>Kt\u00f3ry jest wczoraj, dzi\u015b i na wieki Ten sam<\/strong>.<\/p>\n<p style=\"text-align: left;\">Witam w naszej wsp\u00f3lnocie parafialnej, dobrze nam znanego O. Tomasza Mulara \u2013 redemptoryst\u0119, kt\u00f3ry przeprowadzi nas po drogach zawierzenia Sercu Pana Jezusa. Renowacja misji \u2013 dla nas doroczne rekolekcje adwentowe, b\u0119d\u0105 trwa\u0142y do wtorku, wed\u0142ug nast\u0119puj\u0105cego porz\u0105dku:<br \/>\n<span style=\"text-decoration: underline;\"><strong>Niedziela 01.12<\/strong><\/span> \u2013 porz\u0105dek niedzielny: <strong>08.00, 10.00, 12.00, 16.00<\/strong>;<\/p>\n<p style=\"text-align: left;\"><span style=\"text-decoration: underline;\"><strong>Poniedzia\u0142ek, 02.12 Niesko\u0144czone Mi\u0142osierdzie Bo\u017ce<\/strong><\/span><\/p>\n<p style=\"text-align: left; padding-left: 40px;\">Godz. <strong>7.00<\/strong> Msza \u015bw. z kazaniem misyjnym (Roraty)<br \/>\nGodz. <strong>10.00<\/strong> Msza \u015bw. z kazaniem misyjnym<br \/>\nGodz. <strong>16.30<\/strong> Msza \u015bw. z kazaniem dla dzieci (Roraty)<br \/>\nGodz. <strong>18.00<\/strong> Msza \u015bw. z kazaniem misyjnym<\/p>\n<p style=\"text-align: left;\"><span style=\"text-decoration: underline;\"><strong>Wtorek, 03.12. Ofiarowanie Parafii i Rodzin Naj\u015bwi\u0119tszemu Sercu Pana Jezusa,<\/strong><\/span><br \/>\n<span style=\"text-decoration: underline;\"><strong>Dzie\u0144 spowiedzi \u015bw. 8.00 \u20139.00; 9.30 \u201310.15; 16.45 -18.15,<\/strong><\/span><\/p>\n<p style=\"text-align: left; padding-left: 40px;\">Godz. <strong>7.00<\/strong> Msza \u015bw. z kazaniem misyjnym (Roraty) &#8211; Ofiarowanie Parafii NSPJ<br \/>\nGodz. <strong>10.00<\/strong> Msza \u015bw. z kazaniem misyjnym &#8211; Ofiarowanie Parafii NSPJ<br \/>\nGodz. <strong>16.30<\/strong> Msza \u015bw. z kazaniem dla dzieci (Roraty)<br \/>\nGodz. <strong>18.00<\/strong> Msza \u015bw. z kazaniem misyjnym &#8211; Ofiarowanie Parafii NSPJ<\/p>\n<p style=\"text-align: left;\"><span style=\"text-decoration: underline;\"><strong>Godz. 20.00 Ofiarowanie Rodzin NSPJ (Dom Rodzinny)<\/strong><\/span><\/p>\n<p style=\"text-align: left;\">Rozpoczynamy r\u00f3wnie\u017c pi\u0119kny czas Rorat, g\u0142\u0119bokiego duchowego<br \/>\nprzygotowania do przyj\u015bcia Bo\u017cego Syna na \u015bwiat.<\/p>\n<p style=\"text-align: left;\"><strong>Roraty<\/strong> dla dzieci <strong>o godz. 17.00<\/strong> \u2013 zapraszamy nie tylko dzieci przygotowuj\u0105ce si\u0119 do I Komunii \u015bw. r\u00f3wnie\u017c pozosta\u0142e dzieci zapraszamy. S\u0105 przygotowane dla dzieci niespodzianki. Rodzic\u00f3w i Dziadk\u00f3w prosz\u0119 pom\u00f3\u017ccie Waszym pociechom w uczestnictwie. W poniedzia\u0142ek i wtorek przypominam o godz. <strong>16.30<\/strong>. Roraty dla pozosta\u0142ych Parafian <strong>o godz. 7.00<\/strong>.<\/p>\n<p>W tym tygodniu przypadaj\u0105:<br \/>\n<span style=\"text-decoration: underline;\"><strong>I czwartek m-ca<\/strong><\/span> \u2013 modlitwa R\u00f3\u017c Krwi Chrystusa po mszy \u015bw. o godz. <strong>17.00<\/strong><br \/>\n<span style=\"text-decoration: underline;\"><strong>I pi\u0105tek m-ca<\/strong><\/span> \u2013 spowied\u017a pierwszopi\u0105tkowa od godz. 16.30 <span style=\"text-decoration: underline;\"><strong>prosz\u0119, aby kandydaci do bierzmowania przyst\u0105pili do spowiedzi w czasie rekolekcji, nie b\u0119dzie spotkania z kandydatami w I pi\u0105tek, prosz\u0119, aby kandydaci uczestniczyli w rekolekcjach o godz. 1800.<\/strong><\/span><br \/>\nKsi\u0105dz z pos\u0142ug\u0105 do chorych uda si\u0119 o godz. <strong>9.30<\/strong>. Chorzy kt\u00f3rzy nie s\u0105 odwiedzani co miesi\u0105c, b\u0119d\u0105 odwiedzeni przed \u015bwi\u0119tami Bo\u017cego Narodzenia<br \/>\n<span style=\"text-decoration: underline;\"><strong>I sobota m-ca<\/strong><\/span> \u2013 adoracja Naj\u015bwi\u0119tszego Sakramentu w ciszy od godz. <strong>7.00<\/strong><\/p>\n<p>W <strong>poniedzia\u0142ek<\/strong> zapraszam w imieniu Rycerzy Kolumba ch\u0119tnych Pan\u00f3w do zasilenia tej zacnej m\u0119skiej Organizacji, na godz. <strong>20.00<\/strong> do ko\u015bcio\u0142a. Zarazem RC zapraszaj\u0105 na M\u0119ski R\u00f3\u017caniec kt\u00f3ry odb\u0119dzie si\u0119 w Uroczysto\u015b\u0107 Niepokalanego Pocz\u0119cia Naj\u015bwi\u0119tszej Maryi Panny &#8211; 08.12.2019 r. w Kielcach o godz. 11.00 w Katedrze \u2013 <a href=\"http:\/\/www.rozalia-zagnansk.pl\/wp-content\/uploads\/2019\/11\/Me\u0328ski-Ro\u0301z\u0307aniec.pdf\">szczeg\u00f3\u0142y znajduj\u0105 si\u0119 tutaj<\/a>.<\/p>\n<p>W <strong>czwartek<\/strong> po mszy \u015bw. o godz. <strong>17.00<\/strong> zapraszam Pan\u00f3w na kolejne spotkanie M\u0119skiej Grupy \u2013 r\u00f3wnie\u017c zapraszam do nas ch\u0119tnych Pan\u00f3w.<\/p>\n<p>Od dzisiaj s\u0105 do nabycia w zakrystii po\u015bwi\u0119cone op\u0142atki na st\u00f3\u0142 wigilijny, doch\u00f3d przeznaczymy na \u015bwi\u0105teczn\u0105 pomoc osobom ubogim. R\u00f3wnie\u017c s\u0105 \u015bwiece, kt\u00f3rymi wspieramy Wigilijne Dzie\u0142o Pomocy Dzieciom. \u015awieca, kt\u00f3ra tworzy Polsk\u0105 Wigili\u0119\u201d jest znakiem mi\u0142o\u015bci, kt\u00f3r\u0105 B\u00f3g objawi\u0142 cz\u0142owiekowi w Jezusie Chrystusie. P\u0142omie\u0144 \u015bwiecy Caritas daje nadziej\u0119 i szans\u0119 na lepsz\u0105 przysz\u0142o\u015b\u0107 dzieciom z ubo\u017cszych rodzin. Ofiary za \u015bwiece przeznaczone s\u0105 na kolonie charytatywne, prowadzenie zaj\u0119\u0107 profilaktycznych w \u015bwietlicach, a tak\u017ce do\u017cywianie i leczenie dzieci. W tym roku 10 groszy z ka\u017cdej \u015bwiecy trafi te\u017c na pomoc dzieciom \u017cyj\u0105cym w skrajnej n\u0119dzy w Wenezueli. Prosz\u0119, aby ofiara za \u015bwiece mia\u0142a warto\u015b\u0107 minimaln\u0105 obiadu. Za tydzie\u0144 przed Ko\u015bcio\u0142em b\u0119dziemy zbiera\u0107 do puszek na Ko\u015bci\u00f3\u0142 na Wschodzie \u2013 <a href=\"http:\/\/www.rozalia-zagnansk.pl\/wp-content\/uploads\/2019\/11\/Kos\u0301cio\u0142om-na-Wschodzie.pdf\">szczeg\u00f3\u0142y znajduj\u0105 si\u0119 tutaj<\/a>.<\/p>\n<p>IX gr. Rodz. z Belna przekaza\u0142a na ko\u015bci\u00f3\u0142 240 z\u0142. B\u00f3g zap\u0142a\u0107 dwom Rodzinom z O\u015b. Wrzosy za solidno\u015b\u0107 i trosk\u0119 o nasz\u0105 \u015bwi\u0105tyni\u0119 \u2013 wys. ofiary podam za tydzie\u0144. W sobot\u0119 zapraszam kolejne 10 Rodzin z O\u015b. Wrzosy. Msza \u015bw. za te Rodziny w \u015brod\u0119 w M.B.N.P. o godz. <strong>17.00<\/strong>.<\/p>\n<p><a href=\"http:\/\/www.rozalia-zagnansk.pl\/wp-content\/uploads\/2019\/11\/S\u0142owo-pasterskie-na-Adwent-2019.pdf\">S\u0142owo pasterskie na Adwent 2019<\/a><\/p>\n<p><a href=\"http:\/\/www.rozalia-zagnansk.pl\/wp-content\/uploads\/2019\/11\/Niedzielnik-2019.12.01.pdf\">Niedzielnik 2019.12.01<\/a><\/p>\n ","protected":false},"excerpt":{"rendered":"<p>Og\u0142oszenia duszpasterskie 01.12.2019 r. Ciebie, Bo\u017ce Serce \u2013 Mi\u0142o\u015bci odwieczna, uznajemy na zawsze g\u0142ow\u0105 naszej rodziny. Poddajemy Twemu panowaniu nasze umys\u0142y przez [&hellip;]<\/p>\n","protected":false},"author":1,"featured_media":0,"comment_status":"closed","ping_status":"open","sticky":false,"template":"","format":"standard","meta":{"_acf_changed":false,"jetpack_post_was_ever_published":false,"_jetpack_newsletter_access":"","_jetpack_dont_email_post_to_subs":false,"_jetpack_newsletter_tier_id":0,"_jetpack_memberships_contains_paywalled_content":false,"_jetpack_memberships_contains_paid_content":false,"footnotes":"","jetpack_publicize_message":"","jetpack_publicize_feature_enabled":true,"jetpack_social_post_already_shared":true,"jetpack_social_options":{"image_generator_settings":{"template":"highway","enabled":false},"version":2}},"categories":[3],"tags":[],"class_list":["post-2362","post","type-post","status-publish","format-standard","hentry","category-ogloszenia"],"jetpack_publicize_connections":[],"acf":[],"jetpack_featured_media_url":"","jetpack_sharing_enabled":true,"jetpack_shortlink":"https:\/\/wp.me\/saz7cl-2362","_links":{"self":[{"href":"http:\/\/www.rozalia-zagnansk.pl\/index.php?rest_route=\/wp\/v2\/posts\/2362","targetHints":{"allow":["GET"]}}],"collection":[{"href":"http:\/\/www.rozalia-zagnansk.pl\/index.php?rest_route=\/wp\/v2\/posts"}],"about":[{"href":"http:\/\/www.rozalia-zagnansk.pl\/index.php?rest_route=\/wp\/v2\/types\/post"}],"author":[{"embeddable":true,"href":"http:\/\/www.rozalia-zagnansk.pl\/index.php?rest_route=\/wp\/v2\/users\/1"}],"replies":[{"embeddable":true,"href":"http:\/\/www.rozalia-zagnansk.pl\/index.php?rest_route=%2Fwp%2Fv2%2Fcomments&post=2362"}],"version-history":[{"count":2,"href":"http:\/\/www.rozalia-zagnansk.pl\/index.php?rest_route=\/wp\/v2\/posts\/2362\/revisions"}],"predecessor-version":[{"id":2369,"href":"http:\/\/www.rozalia-zagnansk.pl\/index.php?rest_route=\/wp\/v2\/posts\/2362\/revisions\/2369"}],"wp:attachment":[{"href":"http:\/\/www.rozalia-zagnansk.pl\/index.php?rest_route=%2Fwp%2Fv2%2Fmedia&parent=2362"}],"wp:term":[{"taxonomy":"category","embeddable":true,"href":"http:\/\/www.rozalia-zagnansk.pl\/index.php?rest_route=%2Fwp%2Fv2%2Fcategories&post=2362"},{"taxonomy":"post_tag","embeddable":true,"href":"http:\/\/www.rozalia-zagnansk.pl\/index.php?rest_route=%2Fwp%2Fv2%2Ftags&post=2362"}],"curies":[{"name":"wp","href":"https:\/\/api.w.org\/{rel}","templated":true}]}}