{"id":228,"date":"2016-12-31T20:20:31","date_gmt":"2016-12-31T20:20:31","guid":{"rendered":"http:\/\/www.rozalia.kielce.opoka.org.pl\/?p=228"},"modified":"2016-12-31T20:30:09","modified_gmt":"2016-12-31T20:30:09","slug":"ogloszenia-duszpasterskie","status":"publish","type":"post","link":"http:\/\/www.rozalia-zagnansk.pl\/?p=228","title":{"rendered":"Og\u0142oszenia duszpasterskie &#8211; 1 stycznia 2017"},"content":{"rendered":"<p><strong>Og\u0142oszenia duszpasterskie \u2013 01 stycze\u0144 2017 r.<\/strong><\/p>\n<ol>\n<li>Prze\u017cywamy dzi\u015b II Niedziel\u0119 po Narodzeniu Pa\u0144skim \u2013 Uroczysto\u015b\u0107 \u015awi\u0119tej Bo\u017cej Rodzicielki<\/li>\n<li>W tym tygodniu b\u0119dziemy obchodzi\u0107 nast\u0119puj\u0105ce wspomnienia liturgiczne:<\/li>\n<\/ol>\n<p>We wtorek \u015bwi\u0119tych Bazylego i Grzegorza z Nazjanzu bp. i dra. K\u0142a.<\/p>\n<p>W pi\u0105tek <strong>Uroczysto\u015b\u0107 Objawienia Pa\u0144skiego<\/strong> \u2013 porz\u0105dek mszy \u015bw. &#8211; niedzielny: 8.00; 10.00; 12.00; 16.00 Po ka\u017cdej Mszy \u015bw. po\u015bwi\u0119cenie kredy do oznaczenia drzwi naszych dom\u00f3w K+M+B lub C M B od pierwszych liter \u0142aci\u0144skiego: Christus mansionem benedicat (Niech Chrystus b\u0142ogos\u0142awi temu domowi).<\/p>\n<p>Zapraszamy r\u00f3wnie\u017c w tym dniu tj. w pi\u0105tek na <strong>inscenizacj\u0119 Jase\u0142ek<\/strong> przygotowanych przez dzieci i nauczycieli wraz ks. Lucjanem ze Szko\u0142y Podstawowej nr 1 w Chrustach po dzieci\u0119cej mszy \u015bw. o godz. 10.00 <strong>na godz. 11.00<\/strong> do Domu Parafialnego \u2013 ( Organist\u00f3wki ) Klubu Wolna Strefa.<\/p>\n<p><strong>R\u00f3wnie\u017c w tym dniu 6 stycznia 2017 roku zapraszamy do Samsonowa<\/strong> na Orszak Trzech Kr\u00f3li &#8211; wszystkich, kt\u00f3rzy w\u00a0tym szczeg\u00f3lnym dniu chc\u0105 by\u0107 razem, a\u00a0nie osobno, chc\u0105 prze\u017cywa\u0107 co\u015b wsp\u00f3lnie, a\u00a0nie ka\u017cdy sobie \u2026 Pami\u0119tajmy, \u017ce Orszak organizuj\u0105 \u00a0\u00a0zwykli ludzie, do udzia\u0142u zach\u0119caj\u0105c zar\u00f3wno wierz\u0105cych, jak i\u00a0niewierz\u0105cych. Naszym celem jest \u0142\u0105czenie r\u00f3\u017cnych os\u00f3b \u2013 najpierw w\u00a0dzia\u0142aniu, p\u00f3\u017aniej w\u00a0\u015bwi\u0119towaniu.<\/p>\n<p>Tegoroczna edycja Orszaku przebiega\u0107 b\u0119dzie wed\u0142ug ca\u0142kowicie nowego scenariusza. Zosta\u0142 on pomy\u015blany jako swoiste podzi\u0119kowanie dla Papie\u017ca Franciszka za Encyklik\u0119 Laudato si (W trosce o\u00a0wsp\u00f3lny dom \u2013 o\u00a0szacunku dla \u015bwiata i\u00a0przyrody oraz o\u00a0roli cz\u0142owieka, kt\u00f3ry ma ten \u015bwiat zachowa\u0107 dla przysz\u0142ych pokole\u0144) oraz za wizyt\u0119 w\u00a0naszej ojczy\u017anie podczas \u015awiatowych Dni M\u0142odzie\u017cy. Na trasie zobaczymy trzy sceny pantomimiczne w\u00a0wykonaniu m\u0142odzie\u017cy gimnazjalnej (Stworzenie \u015bwiata, \u017bycie w\u00a0raju, Upadek pierwszych ludzi). Wraz z\u00a0Trzema Kr\u00f3lami wyruszymy w\u00a0drog\u0119 historii stworzenia, \u017cycia i\u00a0zbawienia \u015bwiata. M\u0119drcy \u2013 pasterze narod\u00f3w b\u0119d\u0105 poszukiwa\u0107 Kr\u00f3la Stworzenia, przypatruj\u0105c si\u0119 stworzeniu \u015bwiata, \u017cyciu cz\u0142owieka w\u00a0raju. Zobacz\u0105 upadek pierwszych ludzi i\u00a0odwieczne zmagania dobra ze\u00a0z\u0142em. Ujrz\u0105 ch\u00f3ry anielskie, kt\u00f3re b\u0119d\u0105 wychwala\u0107 dzie\u0142a Pana, przejd\u0105 przez bram\u0119 anielsk\u0105, kt\u00f3ra zaprowadzi ich do Jezusa narodzonego w\u00a0\u017c\u0142\u00f3bku, kt\u00f3remu towarzyszy\u0107 b\u0119d\u0105 ubodzy pasterze wraz ze\u00a0swoimi zwierz\u0119tami.<\/p>\n<p><strong>Godz. 13.00 \u2013 Start Orszaku od Ko\u015bcio\u0142a w Samsonowie<\/strong><\/p>\n<ol start=\"3\">\n<li>Pragn\u0119 z ca\u0142ego serca w imieniu wsp\u00f3lnoty parafialnej podzi\u0119kowa\u0107 Wszystkim kt\u00f3rzy swoim zaanga\u017cowaniem pomogli nam pi\u0119knie i duchowo prze\u017cy\u0107 \u015bwi\u0119ta Bo\u017cego Narodzenia:\u00a0\u00a0\u00a0\u00a0\u00a0 \u00a0 \u00a0 \u00a0 \u00a0 \u00a0 \u00a0 \u00a0 \u00a0 \u00a0 \u00a0 \u00a0 \u00a0 \u00a0 \u00a0 \u00a0 \u00a0 \u00a0 \u00a0 \u00a0 \u00a0 \u00a0 \u00a0 \u00a0 \u00a0 \u00a0 \u00a0 \u00a0 \u00a0 \u00a0 \u00a0 \u00a0 \u00a0 \u00a0 \u00a0 \u00a0 \u00a0 \u00a0 \u00a0 \u00a0 \u00a0 \u00a0 \u00a0 \u00a0 \u00a0 \u00a0 \u00a0 \u00a0 \u00a0 \u00a0 \u00a0 \u00a0 \u00a0 \u00a0 \u00a0 \u00a0 \u00a0 \u00a0 \u00a0 \u00a0 \u00a0 \u00a0 \u00a0 \u00a0 \u00a0 \u00a0 \u00a0 \u00a0 \u00a0 \u00a0 \u00a0 \u00a0 \u00a0 \u00a0 \u00a0 \u00a0 \u00a0 \u00a0 \u00a0 \u00a0\u00a0 Dzi\u0119kujemy kap\u0142anom za g\u0142oszone do nas S\u0142owo Bo\u017ce i pos\u0142ug\u0119 w\u00a0konfesjonale. Na r\u0119ce pani Gra\u017cyny Grudzieckiej sk\u0142adamy podzi\u0119kowania Jaworzankom i innym osobom za wykonanie szopki bo\u017conarodzeniowej wraz z udekorowanie choinek. W tym miejscu szczeg\u00f3lnie dzi\u0119kujemy panu Ko\u015bcielnemu Zygmuntowi oraz panom: Wro\u0144skiemu, Moskalowi i Jarosowi i m\u0142odzie\u017cy przygotowuj\u0105cej si\u0119 do sakramentu bierzmowania. Na r\u0119ce pana Organisty Paw\u0142a sk\u0142adamy podzi\u0119kowania ch\u00f3rowi parafialnemu oraz scholii dzieci\u0119cej za udzia\u0142 w liturgii bo\u017conarodzeniowej. Serdecznie dzi\u0119kujemy za dostarczon\u0105 przed\u015bwi\u0105teczn\u0105 pomoc \u017cywno\u015bciow\u0105 i finansow\u0105 osobom w trudnej sytuacji materialnej na r\u0119ce pani Danuty Gareckiej.<\/li>\n<\/ol>\n<p>Dzi\u0119kuj\u0119 r\u00f3wnie\u017c p. Januszowi Wadlonowi za ofiarowanie \u017cyrandola pod nowym ch\u00f3rem \u2013 pieni\u0105dze, kt\u00f3re zbierali\u015bcie na ten \u017cyrandol, przeznaczy\u0142em na op\u0142acenie energii elektrycznej w ko\u015bciele.<\/p>\n<p>Przy tej okazji zauwa\u017cyli\u015bcie Drodzy, \u017ce ko\u015bciele zosta\u0142y uzupe\u0142nione i zmienione wszystkie \u017car\u00f3wki na energooszcz\u0119dne ledowe ( 103 \u017car\u00f3wki + zapas ) \u2013 koszt 1700 z\u0142<\/p>\n<ol start=\"4\">\n<li>Dzi\u0119kujemy za przygotowanie naszej \u015bwi\u0105tyni do Uroczysto\u015bci Matki Bo\u017cej Rodzicielki oraz z\u0142o\u017con\u0105 ofiar\u0119 w kwocie 250 z\u0142 na ogrzewanie ko\u015bcio\u0142a. Msza \u015bw. w\u00a0intencji tej grupy b\u0119dzie sprawowana 29.01 o godz. 8.00. W sobot\u0119 zapraszam kolejn\u0105 grup\u0119 z Gruszki. Przy tej okazji pragn\u0119 zmieni\u0107 zasady strojenia w kwiaty naszej \u015bwi\u0105tyni. \u015awi\u0105tynie b\u0119dzie ubiera\u0142a w kwiaty jedna osoba, z kt\u00f3ra si\u0119 um\u00f3wi\u0142em a zaoszcz\u0119dzone pieni\u0105dze b\u0119d\u0119 przekazywa\u0142 na energi\u0119 elektryczn\u0105 w ko\u015bciele.<\/li>\n<\/ol>\n<ol start=\"5\">\n<li><strong>.<\/strong> <strong><u>Porz\u0105dek wizyty duszpasterskiej w tym tygodniu:<\/u><\/strong><\/li>\n<\/ol>\n<p><strong>2 stycznia <\/strong>\u00a0(poniedzia\u0142ek) \u2013 od godz. 14.00 \u2013 <strong>ul. Wrzosowa<\/strong><\/p>\n<p>1 ksi\u0105dz od numeru 1\u00a0\u00a0\u00a0\u00a0\u00a0\u00a0\u00a0\u00a0\u00a0\u00a0\u00a0\u00a0\u00a0\u00a0\u00a0\u00a0\u00a0\u00a0\u00a0\u00a0\u00a0\u00a0\u00a0\u00a0\u00a0\u00a0\u00a0\u00a0\u00a0 2 ksi\u0105dz od ko\u0144ca do siebie<\/p>\n<p><strong>3 stycznia<\/strong> (wtorek) \u2013 od godz. 14.00 \u2013 <strong>Gruszka<\/strong> (lewa strona nieparzysta)<\/p>\n<p>1 ksi\u0105dz od numeru 5 \u00a0\u00a0\u00a0\u00a0\u00a0\u00a0\u00a0\u00a0\u00a0\u00a0\u00a0\u00a0\u00a0\u00a0\u00a0\u00a0\u00a0\u00a0\u00a0\u00a0\u00a0\u00a0\u00a0\u00a0\u00a0\u00a0 2 ksi\u0105dz od numeru 101 do siebie<\/p>\n<p><strong>4 stycznia <\/strong>(\u015broda) \u2013 od godz. 14.00 \u2013 <strong>Gruszka<\/strong> (prawa strona parzysta)<\/p>\n<p>1 ksi\u0105dz od numeru 10\u00a0\u00a0\u00a0\u00a0\u00a0\u00a0\u00a0\u00a0\u00a0\u00a0\u00a0\u00a0\u00a0 \u00a0 \u00a0 \u00a0 \u00a0\u00a0\u00a0\u00a0\u00a0 2 ksi\u0105dz od numeru 114 do siebie<\/p>\n<p><strong>\u00a05 stycznia<\/strong> (czwartek) od godz. 14.00 \u2013 <strong>Gruszka<\/strong> (obie strony)<\/p>\n<p>1 ksi\u0105dz \u2013 od numeru 107 do ko\u0144ca<\/p>\n<p><strong>\u00a05 stycznia<\/strong> (czwartek) od godz. 14.00 \u2013 <strong>Chrusty Ma\u0142e<\/strong><\/p>\n<p>2 ksi\u0105dz \u2013 od przejazdu do ko\u0144ca<\/p>\n<p><strong>\u00a0\u00a0 7 stycznia<\/strong> (sobota) od godz. 9.00 \u2013 <strong>Zache\u0142mie<\/strong><\/p>\n<p>1 ksi\u0105dz od numeru 1\u00a0\u00a0\u00a0\u00a0\u00a0\u00a0\u00a0\u00a0\u00a0\u00a0\u00a0\u00a0\u00a0\u00a0\u00a0\u00a0\u00a0\u00a0\u00a0\u00a0\u00a0\u00a0\u00a0\u00a0\u00a0\u00a0 2 ksi\u0105dz od numeru 35 do siebie<\/p>\n ","protected":false},"excerpt":{"rendered":"<p>Og\u0142oszenia duszpasterskie \u2013 01 stycze\u0144 2017 r. Prze\u017cywamy dzi\u015b II Niedziel\u0119 po Narodzeniu Pa\u0144skim \u2013 Uroczysto\u015b\u0107 \u015awi\u0119tej Bo\u017cej Rodzicielki W tym tygodniu [&hellip;]<\/p>\n","protected":false},"author":1,"featured_media":0,"comment_status":"open","ping_status":"open","sticky":false,"template":"","format":"standard","meta":{"_acf_changed":false,"jetpack_post_was_ever_published":false,"_jetpack_newsletter_access":"","_jetpack_dont_email_post_to_subs":false,"_jetpack_newsletter_tier_id":0,"_jetpack_memberships_contains_paywalled_content":false,"_jetpack_memberships_contains_paid_content":false,"footnotes":"","jetpack_publicize_message":"","jetpack_publicize_feature_enabled":true,"jetpack_social_post_already_shared":false,"jetpack_social_options":{"image_generator_settings":{"template":"highway","enabled":false},"version":2}},"categories":[3],"tags":[],"class_list":["post-228","post","type-post","status-publish","format-standard","hentry","category-ogloszenia"],"jetpack_publicize_connections":[],"acf":[],"jetpack_featured_media_url":"","jetpack_sharing_enabled":true,"jetpack_shortlink":"https:\/\/wp.me\/paz7cl-3G","_links":{"self":[{"href":"http:\/\/www.rozalia-zagnansk.pl\/index.php?rest_route=\/wp\/v2\/posts\/228","targetHints":{"allow":["GET"]}}],"collection":[{"href":"http:\/\/www.rozalia-zagnansk.pl\/index.php?rest_route=\/wp\/v2\/posts"}],"about":[{"href":"http:\/\/www.rozalia-zagnansk.pl\/index.php?rest_route=\/wp\/v2\/types\/post"}],"author":[{"embeddable":true,"href":"http:\/\/www.rozalia-zagnansk.pl\/index.php?rest_route=\/wp\/v2\/users\/1"}],"replies":[{"embeddable":true,"href":"http:\/\/www.rozalia-zagnansk.pl\/index.php?rest_route=%2Fwp%2Fv2%2Fcomments&post=228"}],"version-history":[{"count":5,"href":"http:\/\/www.rozalia-zagnansk.pl\/index.php?rest_route=\/wp\/v2\/posts\/228\/revisions"}],"predecessor-version":[{"id":233,"href":"http:\/\/www.rozalia-zagnansk.pl\/index.php?rest_route=\/wp\/v2\/posts\/228\/revisions\/233"}],"wp:attachment":[{"href":"http:\/\/www.rozalia-zagnansk.pl\/index.php?rest_route=%2Fwp%2Fv2%2Fmedia&parent=228"}],"wp:term":[{"taxonomy":"category","embeddable":true,"href":"http:\/\/www.rozalia-zagnansk.pl\/index.php?rest_route=%2Fwp%2Fv2%2Fcategories&post=228"},{"taxonomy":"post_tag","embeddable":true,"href":"http:\/\/www.rozalia-zagnansk.pl\/index.php?rest_route=%2Fwp%2Fv2%2Ftags&post=228"}],"curies":[{"name":"wp","href":"https:\/\/api.w.org\/{rel}","templated":true}]}}