{"id":2124,"date":"2019-11-07T16:50:44","date_gmt":"2019-11-07T16:50:44","guid":{"rendered":"http:\/\/www.rozalia-zagnansk.pl\/?p=2124"},"modified":"2019-11-10T17:09:06","modified_gmt":"2019-11-10T17:09:06","slug":"zagnanskie-obchody-156-rocznicy-wybuchu-powstania-styczniowego","status":"publish","type":"post","link":"http:\/\/www.rozalia-zagnansk.pl\/?p=2124","title":{"rendered":"Zagna\u0144skie obchody 156. rocznicy wybuchu powstania styczniowego"},"content":{"rendered":"<p><a style=\"font-size: 150%;\" href=\"http:\/\/www.rozalia-zagnansk.pl\/wp-content\/uploads\/2019\/11\/niedzielnik-kolor-dodatek-nr-1-20.01.-2019-powstanie-styczniowe.pdf\">Niedzielnik &#8211; dodatek nr 1.2019<\/a><\/p>\n<p><strong>Zagna\u0144skie obchody 156. rocznicy wybuchu powstania styczniowego<\/strong><\/p>\n<p>Tradycje powsta\u0144, ich bohaterowie, epizody wesz\u0142y na trwa\u0142e do polskiej \u015bwiadomo\u015bci na-rodowej. Wspomnienie walk z lat 1863 \u2013 1864, \u201eboju bez broni\u201d, wzmacnia pami\u0119\u0107 o patriotycznej ofiarno\u015bci i determinacji narodu polskiego.<br \/>\nParafialne spotkania z histori\u0105 i tradycj\u0105 to zaproponowany przez Rad\u0119 Parafialn\u0105 cykl, kt\u00f3rego celem b\u0119dzie popularyzowanie wiedzy o naszej wsp\u00f3lnocie &#8211; powiedzia\u0142 proboszcz parafii ks. Andrzej Drapa\u0142a, witaj\u0105c uczestnik\u00f3w.<br \/>\n20 stycznia w nowo oddanej sali w podziemiach ko\u015bcio\u0142a pw. \u015bw. Rozalii i \u015bw. Marcina w Zagna\u0144sku odby\u0142a si\u0119 prelekcja, kt\u00f3rej tematem by\u0142 \u201eZagna\u0144ski epizod w powstaniu styczniowym\u201d. Prowadz\u0105cy pan Roman Piskulak przybli\u017cy\u0142 zebranym fakty dotycz\u0105ce tego wielkiego zrywu narodowego, wskazuj\u0105c jednocze\u015bnie zwi\u0105zki Zagna\u0144ska z tak wa\u017cnymi wydarzeniami. Podkre\u015bli\u0142, \u017ce opisy zawarte w podr\u0119cznikach i naukowych opracowaniach zawsze wyp\u0142ywaj\u0105 z tego, co by\u0142o bliskie naszym przodkom, do\u015bwiadcze\u0144 i splotu okoliczno\u015bci, kt\u00f3re tworzy\u0142y ich \u017cycie.<br \/>\nWprawdzie w Zagna\u0144sku nie rozegra\u0142a si\u0119 \u017cadna bitwa, jednak cz\u0119\u015b\u0107 mieszka\u0144c\u00f3w bra\u0142a czynny udzia\u0142 w walkach, zaopatruj\u0105c oddzia\u0142y w \u017cywno\u015b\u0107 i bro\u0144, organizuj\u0105c poczt\u0119 powsta\u0144cz\u0105 i wywiad. Informacje na ten temat s\u0105 mi\u0119dzy innymi we wspomnieniach rodziny W\u00f3jcickich z Zagna\u0144ska &#8211; Chrust\u00f3w: \u201ePracy po\u015bwi\u0119cali si\u0119 gorliwie, maj\u0105c przyk\u0142ad i zach\u0119t\u0119 od miejscowego proboszcza, kt\u00f3ry by\u0142 jedynym w owe czasy \u015bwiecznikiem parafii\u201d.<br \/>\nZ dost\u0119pnej literatury i \u017ar\u00f3de\u0142 archiwalnych wynika, \u017ce przez oddzia\u0142y &#8211; g\u0142\u00f3wnie Jana Rudowskiego, Dionizego Czachowskiego &#8211; przewin\u0119\u0142o si\u0119 wielu mieszka\u0144c\u00f3w dawnej gminy Samson\u00f3w.<br \/>\n10 czerwca 1863 r. oddzia\u0142 Dionizego Czachowskiego stoczy\u0142 bitw\u0119 pod Bobrz\u0105 i wycofuj\u0105c si\u0119 na wsch\u00f3d, walczy\u0142 w rejonie \u0106mi\u0144ska, Tumlina i Samsonowa. O godzinie pierwszej (po p\u00f3\u0142nocy) powsta\u0144cy dotarli w rejon ko\u015bcio\u0142a parafialnego w Zagna\u0144sku i tutaj oddali pod opiek\u0119 miejscowej ludno\u015bci swoich rannych. Gospodarze nie tylko ich przyj\u0119li, \u201eale jeszcze<br \/>\nz rozrzewnieniem i \u0142zami, ca\u0142uj\u0105c r\u0119ce Czachowskiego, dzi\u0119kowali mu za po\u0142o\u017cone w nich zaufa-nie\u201d- wspomina\u0142 Antoni Dr\u0105\u017ckiewicz. O tym wydarzeniu i innych faktach oraz miejscach upami\u0119tniaj\u0105cych omawiany okres, s\u0142uchacze mogli si\u0119 dowiedzie\u0107, ogl\u0105daj\u0105c fotografie i przygotowane eksponaty.<br \/>\nW spotkaniu wzi\u0119li udzia\u0142 przedstawiciele Grupy Rekonstrukcji Historycznej \u201ePu\u0142k \u017buaw\u00f3w \u015amierci\u201d z Buska \u2013 Zdroju &#8211; pan Waldemar Pasternak z c\u00f3rk\u0105 Aleksandr\u0105, kt\u00f3ra zaprezentowa\u0142a si\u0119 w mundurze powsta\u0144ca z pe\u0142nym uzbrojeniem. Pan Stanis\u0142aw Bia\u0142ek udost\u0119pni\u0142 swoje zbiory, m.in. szabl\u0119 z wygrawerowan\u0105 dat\u0105 1863 r. \u2013 odnalezion\u0105 w okolicach Szyd\u0142owca, numizmaty, medale i kopie dokument\u00f3w z omawianego okresu. Prowadz\u0105cy spotkanie R. Piskulak przedstawi\u0142 tak\u017ce histori\u0119 i zdj\u0119cia chor\u0105gwi z okresu przedpowstaniowego przechowywanej w tutejszej \u015bwi\u0105tyni.<br \/>\nPragn\u0105c uczci\u0107 pami\u0119\u0107 powsta\u0144c\u00f3w, uczestnicy zapalili znicze na ich mogi\u0142ach, kt\u00f3re znajduj\u0105 si\u0119 na miejscowym cmentarzu.<\/p>\n<p style=\"text-align: right;\">Organizatorzy<br \/>\nRada Parafialna<\/p>\n<div id='gallery-1' class='gallery galleryid-2124 gallery-columns-3 gallery-size-thumbnail'><figure class='gallery-item'>\n\t\t\t<div class='gallery-icon landscape'>\n\t\t\t\t<a href='http:\/\/www.rozalia-zagnansk.pl\/wp-content\/uploads\/2019\/11\/P_20190120_123513.jpg'><img decoding=\"async\" width=\"150\" height=\"150\" src=\"http:\/\/www.rozalia-zagnansk.pl\/wp-content\/uploads\/2019\/11\/P_20190120_123513-150x150.jpg\" class=\"attachment-thumbnail size-thumbnail\" alt=\"\" \/><\/a>\n\t\t\t<\/div><\/figure><figure class='gallery-item'>\n\t\t\t<div class='gallery-icon landscape'>\n\t\t\t\t<a href='http:\/\/www.rozalia-zagnansk.pl\/wp-content\/uploads\/2019\/11\/P_20190120_123456.jpg'><img decoding=\"async\" width=\"150\" height=\"150\" src=\"http:\/\/www.rozalia-zagnansk.pl\/wp-content\/uploads\/2019\/11\/P_20190120_123456-150x150.jpg\" class=\"attachment-thumbnail size-thumbnail\" alt=\"\" \/><\/a>\n\t\t\t<\/div><\/figure><figure class='gallery-item'>\n\t\t\t<div class='gallery-icon portrait'>\n\t\t\t\t<a href='http:\/\/www.rozalia-zagnansk.pl\/wp-content\/uploads\/2019\/11\/P_20190120_123251.jpg'><img decoding=\"async\" width=\"150\" height=\"150\" src=\"http:\/\/www.rozalia-zagnansk.pl\/wp-content\/uploads\/2019\/11\/P_20190120_123251-150x150.jpg\" class=\"attachment-thumbnail size-thumbnail\" alt=\"\" \/><\/a>\n\t\t\t<\/div><\/figure><figure class='gallery-item'>\n\t\t\t<div class='gallery-icon landscape'>\n\t\t\t\t<a href='http:\/\/www.rozalia-zagnansk.pl\/wp-content\/uploads\/2019\/11\/P_20190120_122909.jpg'><img loading=\"lazy\" decoding=\"async\" width=\"150\" height=\"150\" src=\"http:\/\/www.rozalia-zagnansk.pl\/wp-content\/uploads\/2019\/11\/P_20190120_122909-150x150.jpg\" class=\"attachment-thumbnail size-thumbnail\" alt=\"\" \/><\/a>\n\t\t\t<\/div><\/figure><figure class='gallery-item'>\n\t\t\t<div class='gallery-icon landscape'>\n\t\t\t\t<a href='http:\/\/www.rozalia-zagnansk.pl\/wp-content\/uploads\/2019\/11\/IMG_0413.jpg'><img loading=\"lazy\" decoding=\"async\" width=\"150\" height=\"150\" src=\"http:\/\/www.rozalia-zagnansk.pl\/wp-content\/uploads\/2019\/11\/IMG_0413-150x150.jpg\" class=\"attachment-thumbnail size-thumbnail\" alt=\"\" \/><\/a>\n\t\t\t<\/div><\/figure><figure class='gallery-item'>\n\t\t\t<div class='gallery-icon landscape'>\n\t\t\t\t<a href='http:\/\/www.rozalia-zagnansk.pl\/wp-content\/uploads\/2019\/11\/IMG_0412.jpg'><img loading=\"lazy\" decoding=\"async\" width=\"150\" height=\"150\" src=\"http:\/\/www.rozalia-zagnansk.pl\/wp-content\/uploads\/2019\/11\/IMG_0412-150x150.jpg\" class=\"attachment-thumbnail size-thumbnail\" alt=\"\" \/><\/a>\n\t\t\t<\/div><\/figure><figure class='gallery-item'>\n\t\t\t<div class='gallery-icon portrait'>\n\t\t\t\t<a href='http:\/\/www.rozalia-zagnansk.pl\/wp-content\/uploads\/2019\/11\/IMG_0411.jpg'><img loading=\"lazy\" decoding=\"async\" width=\"150\" height=\"150\" src=\"http:\/\/www.rozalia-zagnansk.pl\/wp-content\/uploads\/2019\/11\/IMG_0411-150x150.jpg\" class=\"attachment-thumbnail size-thumbnail\" alt=\"\" \/><\/a>\n\t\t\t<\/div><\/figure><figure class='gallery-item'>\n\t\t\t<div class='gallery-icon landscape'>\n\t\t\t\t<a href='http:\/\/www.rozalia-zagnansk.pl\/wp-content\/uploads\/2019\/11\/IMG_0409.jpg'><img loading=\"lazy\" decoding=\"async\" width=\"150\" height=\"150\" src=\"http:\/\/www.rozalia-zagnansk.pl\/wp-content\/uploads\/2019\/11\/IMG_0409-150x150.jpg\" class=\"attachment-thumbnail size-thumbnail\" alt=\"\" \/><\/a>\n\t\t\t<\/div><\/figure><figure class='gallery-item'>\n\t\t\t<div class='gallery-icon landscape'>\n\t\t\t\t<a href='http:\/\/www.rozalia-zagnansk.pl\/wp-content\/uploads\/2019\/11\/IMG_0398.jpg'><img loading=\"lazy\" decoding=\"async\" width=\"150\" height=\"150\" src=\"http:\/\/www.rozalia-zagnansk.pl\/wp-content\/uploads\/2019\/11\/IMG_0398-150x150.jpg\" class=\"attachment-thumbnail size-thumbnail\" alt=\"\" \/><\/a>\n\t\t\t<\/div><\/figure><figure class='gallery-item'>\n\t\t\t<div class='gallery-icon landscape'>\n\t\t\t\t<a href='http:\/\/www.rozalia-zagnansk.pl\/wp-content\/uploads\/2019\/11\/IMG_0395.jpg'><img loading=\"lazy\" decoding=\"async\" width=\"150\" height=\"150\" src=\"http:\/\/www.rozalia-zagnansk.pl\/wp-content\/uploads\/2019\/11\/IMG_0395-150x150.jpg\" class=\"attachment-thumbnail size-thumbnail\" alt=\"\" \/><\/a>\n\t\t\t<\/div><\/figure><figure class='gallery-item'>\n\t\t\t<div class='gallery-icon landscape'>\n\t\t\t\t<a href='http:\/\/www.rozalia-zagnansk.pl\/wp-content\/uploads\/2019\/11\/IMG_0385.jpg'><img loading=\"lazy\" decoding=\"async\" width=\"150\" height=\"150\" src=\"http:\/\/www.rozalia-zagnansk.pl\/wp-content\/uploads\/2019\/11\/IMG_0385-150x150.jpg\" class=\"attachment-thumbnail size-thumbnail\" alt=\"\" \/><\/a>\n\t\t\t<\/div><\/figure>\n\t\t<\/div>\n\n ","protected":false},"excerpt":{"rendered":"<p>Niedzielnik &#8211; dodatek nr 1.2019 Zagna\u0144skie obchody 156. rocznicy wybuchu powstania styczniowego Tradycje powsta\u0144, ich bohaterowie, epizody wesz\u0142y na trwa\u0142e do polskiej [&hellip;]<\/p>\n","protected":false},"author":1,"featured_media":0,"comment_status":"closed","ping_status":"open","sticky":false,"template":"","format":"standard","meta":{"_acf_changed":false,"jetpack_post_was_ever_published":false,"_jetpack_newsletter_access":"","_jetpack_dont_email_post_to_subs":false,"_jetpack_newsletter_tier_id":0,"_jetpack_memberships_contains_paywalled_content":false,"_jetpack_memberships_contains_paid_content":false,"footnotes":"","jetpack_publicize_message":"","jetpack_publicize_feature_enabled":true,"jetpack_social_post_already_shared":true,"jetpack_social_options":{"image_generator_settings":{"template":"highway","enabled":false},"version":2}},"categories":[16],"tags":[],"class_list":["post-2124","post","type-post","status-publish","format-standard","hentry","category-tradycja-kultura-wiara"],"jetpack_publicize_connections":[],"acf":[],"jetpack_featured_media_url":"","jetpack_sharing_enabled":true,"jetpack_shortlink":"https:\/\/wp.me\/paz7cl-yg","_links":{"self":[{"href":"http:\/\/www.rozalia-zagnansk.pl\/index.php?rest_route=\/wp\/v2\/posts\/2124","targetHints":{"allow":["GET"]}}],"collection":[{"href":"http:\/\/www.rozalia-zagnansk.pl\/index.php?rest_route=\/wp\/v2\/posts"}],"about":[{"href":"http:\/\/www.rozalia-zagnansk.pl\/index.php?rest_route=\/wp\/v2\/types\/post"}],"author":[{"embeddable":true,"href":"http:\/\/www.rozalia-zagnansk.pl\/index.php?rest_route=\/wp\/v2\/users\/1"}],"replies":[{"embeddable":true,"href":"http:\/\/www.rozalia-zagnansk.pl\/index.php?rest_route=%2Fwp%2Fv2%2Fcomments&post=2124"}],"version-history":[{"count":18,"href":"http:\/\/www.rozalia-zagnansk.pl\/index.php?rest_route=\/wp\/v2\/posts\/2124\/revisions"}],"predecessor-version":[{"id":2248,"href":"http:\/\/www.rozalia-zagnansk.pl\/index.php?rest_route=\/wp\/v2\/posts\/2124\/revisions\/2248"}],"wp:attachment":[{"href":"http:\/\/www.rozalia-zagnansk.pl\/index.php?rest_route=%2Fwp%2Fv2%2Fmedia&parent=2124"}],"wp:term":[{"taxonomy":"category","embeddable":true,"href":"http:\/\/www.rozalia-zagnansk.pl\/index.php?rest_route=%2Fwp%2Fv2%2Fcategories&post=2124"},{"taxonomy":"post_tag","embeddable":true,"href":"http:\/\/www.rozalia-zagnansk.pl\/index.php?rest_route=%2Fwp%2Fv2%2Ftags&post=2124"}],"curies":[{"name":"wp","href":"https:\/\/api.w.org\/{rel}","templated":true}]}}