{"id":1684,"date":"2019-09-14T15:06:47","date_gmt":"2019-09-14T15:06:47","guid":{"rendered":"http:\/\/www.rozalia-zagnansk.pl\/?p=1684"},"modified":"2019-09-14T21:44:00","modified_gmt":"2019-09-14T21:44:00","slug":"ogloszenia-duszpasterskie-15-09-2019-r","status":"publish","type":"post","link":"http:\/\/www.rozalia-zagnansk.pl\/?p=1684","title":{"rendered":"Og\u0142oszenia duszpasterskie 15.09.2019 r."},"content":{"rendered":"<p style=\"text-align: center;\"><strong>Og\u0142oszenia duszpasterskie 15.09.2019 r. <\/strong><\/p>\n<p>Dzi\u0119ki sk\u0142adam Temu, kt\u00f3ry mnie umocni\u0142, Chrystusowi Jezusowi, naszemu Panu, \u017ce uzna\u0142 mnie za godnego wiary\u2026 szczeg\u00f3lnie wybrzmiewa to dzi\u0119kczynienie za dar wiary w ustach tego, kt\u00f3ry by\u0142 blu\u017anierc\u0105 i prze\u015bladowc\u0105 \u2013 w ustach \u015bw. Paw\u0142a. Niezwyk\u0142e jest do\u015bwiadczenie wiary, gdy cz\u0142owiek przekona si\u0119 o bezwarunkowej mi\u0142o\u015bci Boga wobec siebie a w\u00f3wczas jego \u017cycie nabiera sensu i smaku. Drog\u0105 do takiego do\u015bwiadczenia mo\u017ce by\u0107 <strong>Seminarium Wiary<\/strong>, na kt\u00f3re <strong>pragn\u0119 Was zaprosi\u0107<\/strong> od najbli\u017cszego pi\u0105tku. B\u0119dzie to g\u0142oszenie S\u0142owa z moc\u0105 osobistego \u015bwiadectwa i do\u015bwiadczenia nape\u0142nienia serca obecno\u015bci\u0105 Jezusa. Zapraszam wraz ze wsp\u00f3lnot\u0105 Odnowy w Duchu \u015awi\u0119tym <strong>20.09. na godz.17<sup>45<\/sup><\/strong>. Do\u015bwiadczenie Paw\u0142a zawarte w tym wyznaniu: A nad miar\u0119 obfita okaza\u0142a si\u0119 \u0142aska naszego Pana, wraz z wiar\u0105 i mi\u0142o\u015bci\u0105, kt\u00f3ra jest\u00a0 w Chrystusie\u00a0Jezusie \u2013 mo\u017ce sta\u0107 si\u0119 Twoim. <strong>Daj sobie szans\u0119!!!<\/strong><\/p>\n<p>Przypominam o dzisiejszym spotkaniu Kandydat\u00f3w do bierzmowania i ich Rodzic\u00f3w na mszy \u015bw. o godz. <strong>10<sup>00<\/sup>.<\/strong> W nast\u0119pn\u0105 niedziel\u0119 <strong>22.09<\/strong> na msz\u0119 \u015bw. o godz. <strong>10<sup>00<\/sup><\/strong> dzieci klas III, pragn\u0105cych przyj\u0105\u0107 Pana Jezusa w I Komunii \u015bw. i ich Rodzic\u00f3w zaprasza ks. Janusz, po mszy \u015bw. spotkanie organizacyjne.<\/p>\n<p>W poniedzia\u0142ek wspominamy jak ka\u017cdego 16 miesi\u0105ca \u015bw. Jana Paw\u0142a II, zapraszam na msz\u0119 \u015bw. o <strong>godz. 18<sup>00<\/sup><\/strong> po\u0142\u0105czon\u0105 z <strong>Nowenn\u0105 do \u015bw. Jana Paw\u0142a II <\/strong>i uczczeniem Jego relikwii.<\/p>\n<p>Nabo\u017ce\u0144stwem Fatimskim w pi\u0105tek rozpocz\u0119li\u015bmy <strong>modlitw\u0119 za Ojczyzn\u0119<\/strong> \u00a0\u00a0w intencji czekaj\u0105cych nas wybor\u00f3w do Parlamentu, prosz\u0119 z serca, o codzienn\u0105 cho\u0107by kr\u00f3tk\u0105 modlitw\u0119, w tej trosce o nasz <strong>wsp\u00f3lny Dom<\/strong> do kolejnego i ostatniego w tym roku Nabo\u017ce\u0144stwa Fatimskiego, w dniu kt\u00f3rego b\u0119d\u0105 wybory parlamentarne.<\/p>\n<p>W tym tygodniu z\u0142o\u017cymy wniosek na termomodernizacj\u0119 ko\u015bcio\u0142a i plebanii \u2013 szczerze m\u00f3wi\u0105c bardzo du\u017ce przedsi\u0119wzi\u0119cie. Prawdopodobnie b\u0119dziemy musieli, je\u017celi projekt przejdzie, mie\u0107 ok. 200 tys. z\u0142. wk\u0142adu w\u0142asnego. Ale jest to dla parafii niezwyk\u0142a szansa, mo\u017cemy mie\u0107 docelowo rozwi\u0105zane ogrzewanie ko\u015bcio\u0142a. Dzi\u0119kuj\u0119 za miesi\u0119czn\u0105 tac\u0119 inwestycyjn\u0105, zbieramy \u015brednio ok. 3\u00a0500 z\u0142. Ostatnio ponie\u015bli\u015bmy takie koszty: projekt termomodernizacji i inne konieczne w tym celu projekty ok. 30 tys. z\u0142. Malowanie ogrodzenia wraz z uzupe\u0142nieniem o\u015bwietlenia ok. 15 tys. z\u0142. Monitoring ko\u015bcio\u0142a ok. 14 tys. z\u0142. Jeszcze kolejne konieczne inwestycje na cmentarzu \u2013 nie wycenione. Rozpoczynaj\u0105cy si\u0119 od poniedzia\u0142ku remont du\u017cej sali w Domu Parafialnym \u2013 Organist\u00f3wce, ok. 70 tys. z\u0142. Po tym remoncie klub Wolna Strefa wznowi swoj\u0105 dzia\u0142alno\u015b\u0107. Jak Drodzy widzicie ci\u0105gle jest wiele koniecznych inwestycji, sk\u0142adam serdeczny <strong>B\u00f3g zap\u0142a\u0107 za Wasz\u0105 ofiarno\u015b\u0107<\/strong> i bardzo <strong>prosz\u0119 o modlitw\u0119<\/strong> o b\u0142ogos\u0142awie\u0144stwo dla prac parafialnych a szczeg\u00f3lnie projektu i realizacji termomodernizacji.<\/p>\n<p>W nocy z 10 na 11 maja br., podczas gaszenia po\u017caru budynku gospodarczego w Radlinie (gmina G\u00f3rno), w wyniku wybuchu butli z acetylenem ranni zostali dwaj stra\u017cacy ochotnicy. <strong>Pan Grzegorz Wdowiak z Leszczyn<\/strong> dozna\u0142 powa\u017cnego urazu nogi, nie mo\u017ce pracowa\u0107, a ma na utrzymaniu \u017con\u0119 i czworo dzieci. <strong>Pan Zdzis\u0142aw Synowiec z Woli Jachowej<\/strong> zmar\u0142 22 maja. Pozostawi\u0142 \u017con\u0119 i dwoje dzieci. Tacy Ochotnicy, jak nasi Druhowie, kt\u00f3rzy spiesz\u0105 nam z pomoc\u0105. W nast\u0119pn\u0105 niedziel\u0119 po mszach \u015bw. Druhowie z OSP Chrusty, b\u0119d\u0105 kwestowa\u0107 na ten cel przed Ko\u015bcio\u0142em. W gablocie i na str. Parafii jest specjalna pro\u015bba ks. Biskupa Ordynariusza.<\/p>\n<p>Dzi\u0119kuj\u0119 VII gr. Rodz. z Zache\u0142mia za trosk\u0119 i ofiar\u0119 na Ko\u015bci\u00f3\u0142 300 z\u0142. Msza \u015bw. za te Rodziny \u2013 <strong>16.09. w poniedzia\u0142ek o godz. 18<sup>00<\/sup><\/strong>. W sobot\u0119 zapraszam kolejne rodziny.<\/p>\n<p>Na str. parafii znajduj\u0105 si\u0119 zdj\u0119cia z uroczystej mszy \u015bw. z okazji 80 lecia agresji na Polsk\u0119 i bohaterskiej obrony Ojczyzny \u2013 mszy \u015bw. odpustowej oraz ostatniego X Parafialnego Festynu Rodzinnego.<\/p>\n<p>Organizatorzy\u00a0<strong>XX \u015awi\u0119tokrzyskiego Rajdu Pielgrzymkowego \u201e\u015awi\u0119ty Krzy\u017c 2019\u201d,<\/strong>\u00a0zapraszaj\u0105\u00a0<strong>w sobot\u0119, 28.09. 2019 r.<\/strong>\u00a0<a href=\"http:\/\/rajd.pttkkielce.pl\/\">http:\/\/rajd.pttkkielce.pl\/<\/a><\/p>\n<p><a href=\"http:\/\/www.rozalia-zagnansk.pl\/wp-content\/uploads\/2019\/09\/Niedzielnik-2019.09.15.pdf\">Niedzielnik 2019.09.15<\/a><\/p>\n ","protected":false},"excerpt":{"rendered":"<p>Og\u0142oszenia duszpasterskie 15.09.2019 r. Dzi\u0119ki sk\u0142adam Temu, kt\u00f3ry mnie umocni\u0142, Chrystusowi Jezusowi, naszemu Panu, \u017ce uzna\u0142 mnie za godnego wiary\u2026 szczeg\u00f3lnie wybrzmiewa [&hellip;]<\/p>\n","protected":false},"author":1,"featured_media":0,"comment_status":"closed","ping_status":"open","sticky":false,"template":"","format":"standard","meta":{"_acf_changed":false,"jetpack_post_was_ever_published":false,"_jetpack_newsletter_access":"","_jetpack_dont_email_post_to_subs":false,"_jetpack_newsletter_tier_id":0,"_jetpack_memberships_contains_paywalled_content":false,"_jetpack_memberships_contains_paid_content":false,"footnotes":"","jetpack_publicize_message":"","jetpack_publicize_feature_enabled":true,"jetpack_social_post_already_shared":true,"jetpack_social_options":{"image_generator_settings":{"template":"highway","enabled":false},"version":2}},"categories":[3],"tags":[],"class_list":["post-1684","post","type-post","status-publish","format-standard","hentry","category-ogloszenia"],"jetpack_publicize_connections":[],"acf":[],"jetpack_featured_media_url":"","jetpack_sharing_enabled":true,"jetpack_shortlink":"https:\/\/wp.me\/paz7cl-ra","_links":{"self":[{"href":"http:\/\/www.rozalia-zagnansk.pl\/index.php?rest_route=\/wp\/v2\/posts\/1684","targetHints":{"allow":["GET"]}}],"collection":[{"href":"http:\/\/www.rozalia-zagnansk.pl\/index.php?rest_route=\/wp\/v2\/posts"}],"about":[{"href":"http:\/\/www.rozalia-zagnansk.pl\/index.php?rest_route=\/wp\/v2\/types\/post"}],"author":[{"embeddable":true,"href":"http:\/\/www.rozalia-zagnansk.pl\/index.php?rest_route=\/wp\/v2\/users\/1"}],"replies":[{"embeddable":true,"href":"http:\/\/www.rozalia-zagnansk.pl\/index.php?rest_route=%2Fwp%2Fv2%2Fcomments&post=1684"}],"version-history":[{"count":2,"href":"http:\/\/www.rozalia-zagnansk.pl\/index.php?rest_route=\/wp\/v2\/posts\/1684\/revisions"}],"predecessor-version":[{"id":1687,"href":"http:\/\/www.rozalia-zagnansk.pl\/index.php?rest_route=\/wp\/v2\/posts\/1684\/revisions\/1687"}],"wp:attachment":[{"href":"http:\/\/www.rozalia-zagnansk.pl\/index.php?rest_route=%2Fwp%2Fv2%2Fmedia&parent=1684"}],"wp:term":[{"taxonomy":"category","embeddable":true,"href":"http:\/\/www.rozalia-zagnansk.pl\/index.php?rest_route=%2Fwp%2Fv2%2Fcategories&post=1684"},{"taxonomy":"post_tag","embeddable":true,"href":"http:\/\/www.rozalia-zagnansk.pl\/index.php?rest_route=%2Fwp%2Fv2%2Ftags&post=1684"}],"curies":[{"name":"wp","href":"https:\/\/api.w.org\/{rel}","templated":true}]}}