{"id":1681,"date":"2019-09-08T01:54:28","date_gmt":"2019-09-08T01:54:28","guid":{"rendered":"http:\/\/www.rozalia-zagnansk.pl\/?p=1681"},"modified":"2019-09-08T01:54:57","modified_gmt":"2019-09-08T01:54:57","slug":"xxxv-pielgrzymka-malzenstw-i-rodzin","status":"publish","type":"post","link":"http:\/\/www.rozalia-zagnansk.pl\/?p=1681","title":{"rendered":"XXXV Pielgrzymka Ma\u0142\u017ce\u0144stw i Rodzin"},"content":{"rendered":"<p style=\"text-align: center;\">Zapraszamy do wsp\u00f3lnej modlitwy i refleksji podczas XXXV Pielgrzymki Ma\u0142\u017ce\u0144stw i Rodzin na Jasn\u0105 G\u00f3r\u0119 w dniach 21-22 wrze\u015bnia br.. Sta\u0144my przed Obliczem Jasnog\u00f3rskiej Matki naszego narodu wraz z najbli\u017cszymi: \u017con\u0105, m\u0119\u017cem, dzie\u0107mi, rodzicami, by powierza\u0107 Jej przysz\u0142o\u015b\u0107 Ojczyzny i naszych rodzin.<\/p>\n<p style=\"text-align: center;\"><strong>Program Pielgrzymki Ma\u0142z\u0307en\u0301stw i Rodzin\u00a0<\/strong><\/p>\n<p style=\"text-align: center;\"><strong>Jasna G\u00f3ra, 21-22 wrzes\u0301nia 2019 r.<\/strong><\/p>\n<p style=\"text-align: center;\">Program pielgrzymki:<\/p>\n<p style=\"text-align: center;\"><strong>21 wrze\u015bnia\u00a0SOBOTA<\/strong><\/p>\n<p style=\"text-align: center;\">15.30 Msza \u015awi\u0119ta w\u00a0intencji Ojczyzny w\u00a0Kaplicy Matki Bo\u017cej Cz\u0119stochowskiej<\/p>\n<p style=\"text-align: center;\">16.45 wyk\u0142ad<\/p>\n<p style=\"text-align: center;\">18.00 kolacja<\/p>\n<p style=\"text-align: center;\">19.30 Droga Krzy\u017cowa na\u00a0Wa\u0142ach Jasnog\u00f3rskich<\/p>\n<p style=\"text-align: center;\">21.00 Apel Jasnog\u00f3rski<\/p>\n<p style=\"text-align: center;\"><strong>22 wrze\u015bnia NIEDZIELA<\/strong><\/p>\n<p style=\"text-align: center;\">8.00 \u015bniadanie<\/p>\n<p style=\"text-align: center;\">9.00 spotkanie w\u00a0Auli o. A. Kordeckiego<\/p>\n<p style=\"text-align: center;\">11.00 Msza \u015bwi\u0119ta na\u00a0Jasnog\u00f3rskim Szczycie<\/p>\n<p style=\"text-align: center;\">\n ","protected":false},"excerpt":{"rendered":"<p>Zapraszamy do wsp\u00f3lnej modlitwy i refleksji podczas XXXV Pielgrzymki Ma\u0142\u017ce\u0144stw i Rodzin na Jasn\u0105 G\u00f3r\u0119 w dniach 21-22 wrze\u015bnia br.. Sta\u0144my przed [&hellip;]<\/p>\n","protected":false},"author":1,"featured_media":0,"comment_status":"closed","ping_status":"open","sticky":false,"template":"","format":"standard","meta":{"_acf_changed":false,"jetpack_post_was_ever_published":false,"_jetpack_newsletter_access":"","_jetpack_dont_email_post_to_subs":false,"_jetpack_newsletter_tier_id":0,"_jetpack_memberships_contains_paywalled_content":false,"_jetpack_memberships_contains_paid_content":false,"footnotes":"","jetpack_publicize_message":"","jetpack_publicize_feature_enabled":true,"jetpack_social_post_already_shared":true,"jetpack_social_options":{"image_generator_settings":{"template":"highway","enabled":false},"version":2}},"categories":[11],"tags":[],"class_list":["post-1681","post","type-post","status-publish","format-standard","hentry","category-wazne-komunikaty"],"jetpack_publicize_connections":[],"acf":[],"jetpack_featured_media_url":"","jetpack_sharing_enabled":true,"jetpack_shortlink":"https:\/\/wp.me\/paz7cl-r7","_links":{"self":[{"href":"http:\/\/www.rozalia-zagnansk.pl\/index.php?rest_route=\/wp\/v2\/posts\/1681","targetHints":{"allow":["GET"]}}],"collection":[{"href":"http:\/\/www.rozalia-zagnansk.pl\/index.php?rest_route=\/wp\/v2\/posts"}],"about":[{"href":"http:\/\/www.rozalia-zagnansk.pl\/index.php?rest_route=\/wp\/v2\/types\/post"}],"author":[{"embeddable":true,"href":"http:\/\/www.rozalia-zagnansk.pl\/index.php?rest_route=\/wp\/v2\/users\/1"}],"replies":[{"embeddable":true,"href":"http:\/\/www.rozalia-zagnansk.pl\/index.php?rest_route=%2Fwp%2Fv2%2Fcomments&post=1681"}],"version-history":[{"count":2,"href":"http:\/\/www.rozalia-zagnansk.pl\/index.php?rest_route=\/wp\/v2\/posts\/1681\/revisions"}],"predecessor-version":[{"id":1683,"href":"http:\/\/www.rozalia-zagnansk.pl\/index.php?rest_route=\/wp\/v2\/posts\/1681\/revisions\/1683"}],"wp:attachment":[{"href":"http:\/\/www.rozalia-zagnansk.pl\/index.php?rest_route=%2Fwp%2Fv2%2Fmedia&parent=1681"}],"wp:term":[{"taxonomy":"category","embeddable":true,"href":"http:\/\/www.rozalia-zagnansk.pl\/index.php?rest_route=%2Fwp%2Fv2%2Fcategories&post=1681"},{"taxonomy":"post_tag","embeddable":true,"href":"http:\/\/www.rozalia-zagnansk.pl\/index.php?rest_route=%2Fwp%2Fv2%2Ftags&post=1681"}],"curies":[{"name":"wp","href":"https:\/\/api.w.org\/{rel}","templated":true}]}}