{"id":1672,"date":"2019-09-08T01:51:16","date_gmt":"2019-09-08T01:51:16","guid":{"rendered":"http:\/\/www.rozalia-zagnansk.pl\/?p=1672"},"modified":"2019-09-08T01:51:16","modified_gmt":"2019-09-08T01:51:16","slug":"ogloszenia-duszpasterskie-08-09-2019-r","status":"publish","type":"post","link":"http:\/\/www.rozalia-zagnansk.pl\/?p=1672","title":{"rendered":"Og\u0142oszenia duszpasterskie 08.09.2019 r."},"content":{"rendered":"<p style=\"text-align: center;\"><strong>Og\u0142oszenia duszpasterskie 08.09.2019 r. <\/strong><\/p>\n<p>Naucz nas liczy\u0107 dni nasze, by\u015bmy zdobyli m\u0105dro\u015b\u0107 serca. Modlitwa psalmisty zawsze jest na czasie. Je\u017celi posiadamy ducha samokrytycyzmu, doskonale wiemy jak wielokrotnie b\u0142\u0105dzimy. Ka\u017cdego dnia potrzeba nam refleksji nad naszym \u017cyciem i wyborami, aby w pewnym momencie nie okaza\u0142o si\u0119, \u017ce nie jeste\u015bmy w stanie doko\u0144czy\u0107 budowy swojego domu, lub co gorsze, \u017ce nam si\u0119 \u017cycie rozsypa\u0142o. Pyta dzisiaj m\u0119drzec: Kt\u00f3\u017c pozna\u0142 Tw\u00f3j zamys\u0142, gdy nie da\u0142e\u015b M\u0105dro\u015bci, nie zes\u0142a\u0142e\u015b z wysoka \u015awi\u0119tego Ducha swego? Potrzeba nam Ducha Bo\u017cego, aby rozpozna\u0107 Bo\u017cy zamys\u0142 wedle naszego \u017cycia. W\u00f3wczas naszym wyznaniem b\u0119dzie dzisiejsze s\u0142owo z Ksi\u0119gi M\u0105dro\u015bci: I tak \u015bcie\u017cki mieszka\u0144c\u00f3w ziemi sta\u0142y si\u0119 proste, a ludzie poznali, co Tobie mi\u0142e, i zostali ocaleni przez M\u0105dro\u015b\u0107. A m\u0105dro\u015bci\u0105 jest d\u017awiganie w\u0142asnego krzy\u017ca, czyli zgoda na siebie, w relacji do Jezusa i Jego b\u0142ogos\u0142awie\u0144stwa. Kto nie d\u017awiga swego krzy\u017ca, a idzie za Mn\u0105, ten nie mo\u017ce by\u0107 moim uczniem.<\/p>\n<p>Dzi\u0119kuj\u0119 Wszystkim, kt\u00f3rzy zaanga\u017cowali si\u0119 w przygotowanie \u015bwi\u0119ta naszej parafii \u2013 odpustu parafialnego, w tym roku ze szczeg\u00f3lnym obchodem 80 rocznicy wybuchu II wojny \u015bwiatowej oraz\u00a0 <strong>X Parafialnego Festynu Rodzinnego<\/strong> \u2013 <strong>Parafia To My<\/strong>. Dzi\u0119kuj\u0119 m\u0142odzie\u017cy SP nr 1 , ch\u00f3rowi Con Passione pod kierownictwem p. Micha\u0142a Kopcia, w ca\u0142o\u015bci re\u017cyserii p. Romana Piskulaka za pi\u0119kny program artystyczny. Kap\u0142anom za obecno\u015b\u0107 i ks. Dziekanowi za s\u0142owo Bo\u017ce i przewodniczenie. Wszystkim Delegacjom i Pocztom sztandarowym. Dzi\u0119kuj\u0119 za pi\u0119kne \u015bwiadectwo Waszego uczestnictwa i wsp\u00f3lnej procesji na cmentarz do mogi\u0142 Nieznanego \u017bo\u0142nierza. Dzi\u0119kuj\u0119 na r\u0119ce Pana W\u00f3jta i Pani Przewodnicz\u0105cej Rady za wsp\u00f3lne \u2013 Gminne prze\u017cywanie tych uroczysto\u015bci, w tym miejscu dzi\u0119kuj\u0119 za u\u017cyczenie sceny i nag\u0142o\u015bnienia, na rzecz realizacji Festynu. Dzi\u0119kuj\u0119 wszystkim Grupom Parafialnym za u\u015bwietnienie procesji eucharystycznej. Z wielkim uznaniem oceniam zaanga\u017cowanie So\u0142ectw i Rady Parafialnej w przygotowanie i poprowadzenie Festynu, od strony artystycznej i gastronomicznej. Dzi\u0119kuj\u0119 Sponsorom: Urz\u0119dowi Marsza\u0142kowskiemu na r\u0119ce P. Wicemarsza\u0142ek Renaty Janik, Urz\u0119dowi Gminy na r\u0119ce P. W\u00f3jta Wojciecha \u015alefarskiego, Nadle\u015bnictwu Zagna\u0144sk na r\u0119ce P. Nadle\u015bniczego Marka Miazgi, Wodoci\u0105gom Kieleckim na r\u0119ce P. Prezesa Henryka Milcarza, Stowarzyszeniu Nadzieja Rodzinie, Hurtowni R&amp;R na r\u0119ce P. Ryszarda M\u0142ynarskiego, Firmie Alpinex \u2013 P. Bart\u0142omiejowi Wiatkowskiemu, P. Zygmuntowi Wro\u0144skiemu i Wszystkim anonimowym Darczy\u0144com, kt\u00f3rzy wsparli Rady So\u0142eckie. Dzi\u0119kuj\u0119 P. Jackowi Sajdak za nag\u0142o\u015bnienie. Na koniec szczeg\u00f3lne podzi\u0119kowania dla Zespo\u0142u Jaworzanki na r\u0119ce P Gra\u017cyny Grudzieckiej, OSP Chrusty na r\u0119ce Pa\u0144stwa Ryszarda i Gra\u017cyny Wawszczak, KGW Florianki na r\u0119ce P. Anny Wypych oraz Radzie Parafialnej, S\u0142u\u017cbie ko\u015bcielnej. Mam \u015bwiadomo\u015b\u0107, \u017ce nie jestem w stanie wszystkich wymieni\u0107, <strong>Wszystkim z serca dzi\u0119kuj\u0119. Mateuszowi z\u0142o\u017cyli\u015bmy w darze na w\u00f3zek aktywny 4257,28 z\u0142. B\u00f3g zap\u0142a\u0107.<\/strong><\/p>\n<p>Msza \u015bwi\u0119ta za \u015bp. Ksi\u0119dza Bisk<strong>upa Kazimierza w 2 rocz. \u015bm. zostanie odprawiona w pi\u0105tek 13 wrze\u015bnia br. o godz. 9<sup>00<\/sup><\/strong>\u00a0 w bazylice katedralnej.<\/p>\n<p>Pi\u0105tek 13.09. o godz. <strong>19<sup>00<\/sup><\/strong> zapraszam na kolejne <strong>Nabo\u017ce\u0144stwo Fatimskie<\/strong>.<\/p>\n<p>Inicjatorzy modlitwy w latach ubieg\u0142ych: Pokuta Narodowa, R\u00f3\u017caniec do Granic, w tym roku zapraszaj\u0105 w sobot\u0119 \u2013 14.09. br. Na podw\u0142oc\u0142awskie lotnisko w Kruszynie na spotkanie modlitewne &#8222;Polska pod Krzy\u017cem&#8221;. Lokalnie zrodzi\u0142a si\u0119 inicjatywa Parafii: Wi\u015bni\u00f3wka, \u015bw. J\u00f3zefa Oblubie\u0144ca i naszej, aby tego dnia o godz. <strong>15<sup>00<\/sup><\/strong> spotka\u0107 si\u0119 pod krzy\u017cem na Sosnowicy, aby wsp\u00f3lnie pomodli\u0107 si\u0119 za Ojczyzn\u0119. Zapraszamy na wsp\u00f3lny wyjazd samochodami spod Ko\u015bcio\u0142a o godz. <strong>14<sup>30<\/sup><\/strong>. Prosimy o pomoc osobom niezmotoryzowanym.<\/p>\n<p>W nast\u0119pn\u0105 niedziel\u0119 zapraszam Kandydat\u00f3w do bierzmowania i ich Rodzic\u00f3w na msz\u0119 \u015bw. o godz. <strong>10<sup>00<\/sup><\/strong> i spotkanie organizacyjne po mszy \u015bw.<\/p>\n<p>Dzi\u0119kuj\u0119 VI gr. Rodzin z Zache\u0142mia za trosk\u0119 i ofiar\u0119 na Ko\u015bci\u00f3\u0142. 260 z\u0142. Msza za te Rodziny \u2013 11.09. w \u015brod\u0119. o godz. <strong>18<sup>00<\/sup>. <\/strong>W sobot\u0119 zapraszam kolejne rodziny z Zache\u0142mia.<\/p>\n<p><a href=\"http:\/\/www.rozalia-zagnansk.pl\/wp-content\/uploads\/2019\/09\/Niedzielnik-2019.09.08.pdf\">Niedzielnik 2019.09.08<\/a><\/p>\n<p><a href=\"http:\/\/www.rozalia-zagnansk.pl\/wp-content\/uploads\/2019\/09\/2-rocznica-s\u0301mierci-bpa-Ryczana-2019.pdf\">2 rocznica s\u0301mierci bpa Ryczana &#8211; 2019<\/a><\/p>\n ","protected":false},"excerpt":{"rendered":"<p>Og\u0142oszenia duszpasterskie 08.09.2019 r. Naucz nas liczy\u0107 dni nasze, by\u015bmy zdobyli m\u0105dro\u015b\u0107 serca. Modlitwa psalmisty zawsze jest na czasie. Je\u017celi posiadamy ducha [&hellip;]<\/p>\n","protected":false},"author":1,"featured_media":0,"comment_status":"closed","ping_status":"open","sticky":false,"template":"","format":"standard","meta":{"_acf_changed":false,"jetpack_post_was_ever_published":false,"_jetpack_newsletter_access":"","_jetpack_dont_email_post_to_subs":false,"_jetpack_newsletter_tier_id":0,"_jetpack_memberships_contains_paywalled_content":false,"_jetpack_memberships_contains_paid_content":false,"footnotes":"","jetpack_publicize_message":"","jetpack_publicize_feature_enabled":true,"jetpack_social_post_already_shared":true,"jetpack_social_options":{"image_generator_settings":{"template":"highway","enabled":false},"version":2}},"categories":[3],"tags":[],"class_list":["post-1672","post","type-post","status-publish","format-standard","hentry","category-ogloszenia"],"jetpack_publicize_connections":[],"acf":[],"jetpack_featured_media_url":"","jetpack_sharing_enabled":true,"jetpack_shortlink":"https:\/\/wp.me\/paz7cl-qY","_links":{"self":[{"href":"http:\/\/www.rozalia-zagnansk.pl\/index.php?rest_route=\/wp\/v2\/posts\/1672","targetHints":{"allow":["GET"]}}],"collection":[{"href":"http:\/\/www.rozalia-zagnansk.pl\/index.php?rest_route=\/wp\/v2\/posts"}],"about":[{"href":"http:\/\/www.rozalia-zagnansk.pl\/index.php?rest_route=\/wp\/v2\/types\/post"}],"author":[{"embeddable":true,"href":"http:\/\/www.rozalia-zagnansk.pl\/index.php?rest_route=\/wp\/v2\/users\/1"}],"replies":[{"embeddable":true,"href":"http:\/\/www.rozalia-zagnansk.pl\/index.php?rest_route=%2Fwp%2Fv2%2Fcomments&post=1672"}],"version-history":[{"count":1,"href":"http:\/\/www.rozalia-zagnansk.pl\/index.php?rest_route=\/wp\/v2\/posts\/1672\/revisions"}],"predecessor-version":[{"id":1676,"href":"http:\/\/www.rozalia-zagnansk.pl\/index.php?rest_route=\/wp\/v2\/posts\/1672\/revisions\/1676"}],"wp:attachment":[{"href":"http:\/\/www.rozalia-zagnansk.pl\/index.php?rest_route=%2Fwp%2Fv2%2Fmedia&parent=1672"}],"wp:term":[{"taxonomy":"category","embeddable":true,"href":"http:\/\/www.rozalia-zagnansk.pl\/index.php?rest_route=%2Fwp%2Fv2%2Fcategories&post=1672"},{"taxonomy":"post_tag","embeddable":true,"href":"http:\/\/www.rozalia-zagnansk.pl\/index.php?rest_route=%2Fwp%2Fv2%2Ftags&post=1672"}],"curies":[{"name":"wp","href":"https:\/\/api.w.org\/{rel}","templated":true}]}}