{"id":1667,"date":"2019-09-01T00:15:32","date_gmt":"2019-09-01T00:15:32","guid":{"rendered":"http:\/\/www.rozalia-zagnansk.pl\/?p=1667"},"modified":"2019-09-01T00:15:32","modified_gmt":"2019-09-01T00:15:32","slug":"ogloszenia-duszpasterskie-01-09-2019-r","status":"publish","type":"post","link":"http:\/\/www.rozalia-zagnansk.pl\/?p=1667","title":{"rendered":"Og\u0142oszenia duszpasterskie 01.09.2019 r."},"content":{"rendered":"<p style=\"text-align: center;\"><strong>Og\u0142oszenia duszpasterskie 01.09.2019 r. <\/strong><\/p>\n<p>W naszej Wsp\u00f3lnocie parafialnej, go\u015bcimy dzisiaj wielu przedstawicieli Parlamentu, Samorz\u0105du Wojew\u00f3dztwa i w\u0142adz samorz\u0105dowych, poczty sztandarowe i Was Drodzy. Na r\u0119ce ks. Dziekana Jana Marczewskiego sk\u0142adam podzi\u0119kowanie za przewodniczenie Uroczysto\u015bciom i za obecno\u015b\u0107 Kap\u0142an\u00f3w. Dzi\u0119kuj\u0119 w tym miejscu <strong>Wszystkim<\/strong>, kt\u00f3rzy przyczynili si\u0119 do pi\u0119knej oprawy 80 rocznicy bohaterskiej obrony naszej Ojczyzny wobec agresji Niemiec hitlerowskich i Rosji bolszewickiej. Modlitwa w \u015bwi\u0105tyni i na cmentarzu za poleg\u0142ych bohater\u00f3w jest \u015bwiadectwem naszej wdzi\u0119czno\u015bci Panu Bogu i Bohaterom, za to, \u017ce \u017cyjemy w wolnej Polsce. Po mszy \u015bw. prosz\u0119 aby\u015bmy procesjonalnie udali si\u0119 na cmentarz parafialny i tam zapalili znicze wraz z modlitw\u0105 na grobie Nieznanego \u017bo\u0142nierza.\u00a0 O godz. <strong>14<sup>00<\/sup><\/strong> Prezydent RP wraz z szefami delegacji zagranicznych wybije d\u017awi\u0119k specjalnie na t\u0119 okazj\u0119 przygotowanego dzwonu z przes\u0142aniem &#8222;Pami\u0119\u0107 i Przestroga&#8221;. Tak\u017ce nasze dzwony w t\u0105 godz. wybrzmi\u0105 na wspomnienia o ofiarach najtragiczniejszej wojny w dziejach ludzko\u015bci i oddadz\u0105 ho\u0142d polskim \u017co\u0142nierzom, kt\u00f3rzy z najwy\u017cszym po\u015bwi\u0119ceniem bronili Ojczyzny.<\/p>\n<p>Dzisiaj na sumie czcimy \u015bw. Rozali\u0119, uprzedzaj\u0105c tym samym dzie\u0144 odpustu parafialnego w \u015brod\u0119 4 wrze\u015bnia. S\u0142owo Bo\u017ce w dniu odpustu, b\u0119dzie g\u0142osi\u0142 ks. dr Karol Zegan, dyrektor wydzia\u0142u katechetycznego Kurii. Msze \u015bw. o godz. <strong>8<sup>00<\/sup>; 10<sup>00<\/sup>; 12<sup>00<\/sup>; 18<sup>00<\/sup>.<\/strong> B\u0119dzie mo\u017cliwo\u015b\u0107 uczczenia relikwii \u015bw. Rozalii. Pami\u0119tajmy, \u017ce w tym dniu mo\u017cemy uzyska\u0107 odpust zupe\u0142ny.<\/p>\n<p>Zapraszam w imieniu Organizator\u00f3w: Rady Parafialnej i So\u0142ectw na tradycyjny <strong>X Parafialny Festyn Rodzinny<\/strong> \u2013 <strong>Parafia To My<\/strong>. Od godz. <strong>16<sup>00<\/sup> <\/strong>b\u0119dzie sporo atrakcji a od godz.<strong>18<sup>00<\/sup><\/strong> koncert gwiazdy wieczoru <strong>Romy Owsi\u0144skiej i Przyjaci\u00f3\u0142.<\/strong> Przypominam nie ma mszy popo\u0142udniowej.<\/p>\n<p>W tygodniu przypadaj\u0105 <strong>I Pi\u0105tek<\/strong> i <strong>I Sobota<\/strong> miesi\u0105ca. W I Pi\u0105tek spowied\u017a \u015bwi\u0119ta od godz. <strong>8<sup>00<\/sup><\/strong> do <strong>9<sup>00<\/sup><\/strong> i od godz. <strong>17<sup>00<\/sup><\/strong> do <strong>19<sup>00<\/sup><\/strong>. Zach\u0119cam dzieci i m\u0142odzie\u017c, aby praktyk\u0105 Pierwszych Pi\u0105tk\u00f3w rozpocz\u0105\u0107 Nowy Rok Szkolny. W I Sobot\u0119 od godz. <strong>7<sup>00<\/sup><\/strong> adoracja w ciszy. Pami\u0119tajmy o obietnicach M.B.<\/p>\n<p>Ksi\u0105dz do chorych uda si\u0119 od godz. <strong>10<sup>00<\/sup>.<\/strong><\/p>\n<p>Dzi\u0119kuj\u0119 V gr. Rodzin z Zache\u0142mia za trosk\u0119 i ofiar\u0119 na Ko\u015bci\u00f3\u0142 200 z\u0142. Msza \u015bw. za te Rodziny \u2013 04.09. w \u015brod\u0119. o godz. <strong>18<sup>00<\/sup>. <\/strong>W sobot\u0119 zapraszam kolejne 10 rodzin z Zache\u0142mia.<\/p>\n<p>Od dzisiaj mamy now\u0105 szat\u0119 graficzn\u0105 i uk\u0142ad strony internetowej parafii.<\/p>\n<p><a href=\"http:\/\/www.rozalia-zagnansk.pl\/wp-content\/uploads\/2019\/09\/Niedzielnik-2019.09.01.pdf\">Niedzielnik 2019.09.01<\/a><\/p>\n ","protected":false},"excerpt":{"rendered":"<p>Og\u0142oszenia duszpasterskie 01.09.2019 r. W naszej Wsp\u00f3lnocie parafialnej, go\u015bcimy dzisiaj wielu przedstawicieli Parlamentu, Samorz\u0105du Wojew\u00f3dztwa i w\u0142adz samorz\u0105dowych, poczty sztandarowe i Was [&hellip;]<\/p>\n","protected":false},"author":1,"featured_media":0,"comment_status":"closed","ping_status":"open","sticky":false,"template":"","format":"standard","meta":{"_acf_changed":false,"jetpack_post_was_ever_published":false,"_jetpack_newsletter_access":"","_jetpack_dont_email_post_to_subs":false,"_jetpack_newsletter_tier_id":0,"_jetpack_memberships_contains_paywalled_content":false,"_jetpack_memberships_contains_paid_content":false,"footnotes":"","jetpack_publicize_message":"","jetpack_publicize_feature_enabled":true,"jetpack_social_post_already_shared":true,"jetpack_social_options":{"image_generator_settings":{"template":"highway","enabled":false},"version":2}},"categories":[3],"tags":[],"class_list":["post-1667","post","type-post","status-publish","format-standard","hentry","category-ogloszenia"],"jetpack_publicize_connections":[],"acf":[],"jetpack_featured_media_url":"","jetpack_sharing_enabled":true,"jetpack_shortlink":"https:\/\/wp.me\/paz7cl-qT","_links":{"self":[{"href":"http:\/\/www.rozalia-zagnansk.pl\/index.php?rest_route=\/wp\/v2\/posts\/1667","targetHints":{"allow":["GET"]}}],"collection":[{"href":"http:\/\/www.rozalia-zagnansk.pl\/index.php?rest_route=\/wp\/v2\/posts"}],"about":[{"href":"http:\/\/www.rozalia-zagnansk.pl\/index.php?rest_route=\/wp\/v2\/types\/post"}],"author":[{"embeddable":true,"href":"http:\/\/www.rozalia-zagnansk.pl\/index.php?rest_route=\/wp\/v2\/users\/1"}],"replies":[{"embeddable":true,"href":"http:\/\/www.rozalia-zagnansk.pl\/index.php?rest_route=%2Fwp%2Fv2%2Fcomments&post=1667"}],"version-history":[{"count":1,"href":"http:\/\/www.rozalia-zagnansk.pl\/index.php?rest_route=\/wp\/v2\/posts\/1667\/revisions"}],"predecessor-version":[{"id":1669,"href":"http:\/\/www.rozalia-zagnansk.pl\/index.php?rest_route=\/wp\/v2\/posts\/1667\/revisions\/1669"}],"wp:attachment":[{"href":"http:\/\/www.rozalia-zagnansk.pl\/index.php?rest_route=%2Fwp%2Fv2%2Fmedia&parent=1667"}],"wp:term":[{"taxonomy":"category","embeddable":true,"href":"http:\/\/www.rozalia-zagnansk.pl\/index.php?rest_route=%2Fwp%2Fv2%2Fcategories&post=1667"},{"taxonomy":"post_tag","embeddable":true,"href":"http:\/\/www.rozalia-zagnansk.pl\/index.php?rest_route=%2Fwp%2Fv2%2Ftags&post=1667"}],"curies":[{"name":"wp","href":"https:\/\/api.w.org\/{rel}","templated":true}]}}