{"id":166,"date":"2016-12-10T17:05:21","date_gmt":"2016-12-10T17:05:21","guid":{"rendered":"http:\/\/www.rozalia.kielce.opoka.org.pl\/?p=166"},"modified":"2016-12-10T21:42:22","modified_gmt":"2016-12-10T21:42:22","slug":"ogloszenia-duszpasterskie-11-grudnia-2016","status":"publish","type":"post","link":"http:\/\/www.rozalia-zagnansk.pl\/?p=166","title":{"rendered":"Og\u0142oszenia duszpasterskie \u2013 11 grudnia 2016"},"content":{"rendered":"<ul>\n<li><b><span style=\"font-weight: 400;\">Prze\u017cywamy dzi\u015b III niedziel\u0119 Adwentu (Gaudete).<\/span><\/b><\/li>\n<\/ul>\n<ul>\n<li><span style=\"font-weight: 400;\">W tym tygodniu przypadaj\u0105 nast\u0119puj\u0105ce wspomnienia liturgiczne: \u00a0<\/span>\n<ul>\n<li>\u00a0we wtorek: \u015bw. \u0141ucji, dziewicy i m\u0119czennicy<\/li>\n<li>w \u015brod\u0119: \u015bw. Jana od Krzy\u017ca, prezbitera i doktora Ko\u015bcio\u0142a<\/li>\n<\/ul>\n<\/li>\n<\/ul>\n<p>&nbsp;<\/p>\n<ul>\n<li><b><span style=\"font-weight: 400;\">Dzi\u015b rozpoczynamy nasze adwentowe rekolekcje parafialne. Witamy w naszej wsp\u00f3lnocie O. Karola Olborskiego. Prosimy \u00a0\u00a0\u00a0o moc Ducha \u015awi\u0119tego dla Ojca i nas prze\u017cywaj\u0105cych rekolekcje.<\/span><\/b>\n<ul>\n<li><b>Dzi\u015b<\/b><span style=\"font-weight: 400;\"> nauki rekolekcyjne na Mszach \u015bw. o godz. 8.00, o godz. 10.00 \u2013 z uwzgl\u0119dnieniem dzieci, o godz. 12.00 i 16.00.<\/span><\/li>\n<li><b>Poniedzia\u0142ek <\/b><span style=\"font-weight: 400;\">Msze \u015bw. o godz. 9.00 i 11.30 \u2013 z nauk\u0105 og\u00f3ln\u0105, o godz. 16.00 (Roraty) \u2013 z nauk\u0105 dla dzieci i m\u0142odzie\u017cy gimnazjalnej \u00a0\u00a0\u00a0i o godz. 17.30 \u2013 z nauk\u0105 og\u00f3ln\u0105.<\/span><\/li>\n<li><b>Wtorek<\/b><span style=\"font-weight: 400;\"> \u2013 dzie\u0144 spowiedzi rano od godz. 9.30 do 12.00 i po po\u0142udniu od godz. 15.30 do 18.00.<\/span><\/li>\n<\/ul>\n<\/li>\n<li><span style=\"font-weight: 400;\">Msze \u015bw. o godz. 9.00 \u2013 z nauk\u0105 og\u00f3ln\u0105, o godz. 11.30 \u2013 z uwzgl\u0119dnieniem Sakramentu Namaszczenia Chorych, o godz. 16.00 (Roraty) \u2013 z nauk\u0105 dla dzieci i m\u0142odzie\u017cy gimnazjalnej i o godz. 17.30 \u2013 z nauk\u0105 og\u00f3ln\u0105.<\/span><\/li>\n<\/ul>\n<p>&nbsp;<\/p>\n<ul>\n<li><b><span style=\"font-weight: 400;\">Ksi\u0105dz z Sakramentem Chorych uda si\u0119 do chorych 23 grudnia. Prosimy zg\u0142asza\u0107 chorych do spowiedzi i komunii \u015bw. w zakrystii.<\/span><\/b><\/li>\n<\/ul>\n<ul>\n<li><span style=\"font-weight: 400;\">W zakrystii s\u0105 do nabycia \u015bwiece Caritas &#8211; Wigilijne Dzie\u0142o Pomocy Dzieciom. Ofiara z\u0142o\u017cona za jedn\u0105 \u015bwiec\u0119 to koszt obiadu dla dziecka (\u015bwieca ma\u0142a od 6 z\u0142, \u015bwieca du\u017ca od 15 z\u0142). <\/span><\/li>\n<\/ul>\n<ul>\n<li><span style=\"font-weight: 400;\">Mo\u017cemy te\u017c naby\u0107 po\u015bwi\u0119cony op\u0142atek na wigilijny st\u00f3\u0142 \u2013 ofiar\u0119 przeznaczymy na \u015bwi\u0105teczn\u0105 pomoc najubo\u017cszym. <\/span><\/li>\n<\/ul>\n<ul>\n<li><span style=\"font-weight: 400;\">W poniedzia\u0142ek na Mszy \u015bw. roratniej o godz. 16.00 harcerze przeka\u017c\u0105 parafii Betlejemskie \u015awiat\u0142o Pokoju.<\/span><\/li>\n<li>Prosz\u0119 Was Drodzy o dar \u017cywno\u015bci na \u015bwi\u0105teczny st\u00f3\u0142 dla najubo\u017cszych. Produkty prosz\u0119 sk\u0142ada\u0107 po lewej stronie Ko\u015bcio\u0142a pod krzy\u017cem do nast\u0119pnej niedzieli w\u0142\u0105cznie. W tygodniu przed\u015bwi\u0105tecznym Parafialny Zesp\u00f3\u0142 Caritas przygotuje i dostarczy paczki najubo\u017cszym.<\/li>\n<\/ul>\n<ul>\n<li><span style=\"font-weight: 400;\">S\u0105 jeszcze do nabycia Kalendarze Rolnicze w cenie 25 z\u0142. <\/span><\/li>\n<\/ul>\n<ul>\n<li><span style=\"font-weight: 400;\">Dzi\u015b na Mszy \u015bw. o godz. 10.00 dzieci pierwszokomunijne z r\u0105k rodzic\u00f3w otrzymaj\u0105 po\u015bwi\u0119cone medaliki.<\/span><\/li>\n<\/ul>\n<ul>\n<li><span style=\"font-weight: 400;\">Zapraszamy na Roraty, kt\u00f3re w naszej \u015bwi\u0105tyni sprawowane s\u0105 od poniedzia\u0142ku do pi\u0105tku o godz. 16.00 a w sobot\u0119 o godz. 8.00. Szczeg\u00f3lnie serdecznie zapraszamy dzieci.<\/span><\/li>\n<\/ul>\n<ul>\n<li><span style=\"font-weight: 400;\">Czwartej grupie sprz\u0105taj\u0105cej z Chrust\u00f3w dzi\u0119kujemy za przygotowanie naszej \u015bwi\u0105tyni do dzisiejszej niedzieli. Msza \u015bw. w\u00a0intencji tej grupy sprawowana b\u0119dzie 25 grudnia o godz. 10.00. Trzecia grupa zebra\u0142a kwot\u0119 200 z\u0142. W sobot\u0119, na godz. 9.00 zapraszamy kolejne dziesi\u0119\u0107 rodzin z\u00a0Chrust\u00f3w do sprz\u0105tania ko\u015bcio\u0142a.<\/span><\/li>\n<li><span style=\"font-weight: 400;\">Dzi\u0119kuj\u0119 tym rodzinom, kt\u00f3re sk\u0142adaj\u0105 ofiary w kopertach na potrzeby ko\u015bcio\u0142a. <\/span><\/li>\n<li>W\u00f3jt Gminy Zagna\u0144sk Pan Szczepan Skorupski i Kierownik O\u015brodka Pomocy Spo\u0142ecznej El\u017cbieta Korus zapraszaj\u0105 Osoby samotne i otwartego serca na spotkanie wigilijne w sobot\u0119 17 grudnia na godz. 16.00 na msz\u0119 \u015bw. do ko\u015bcio\u0142a p.w. \u015aw. Stanis\u0142awa b.m. w Tumlinie po kt\u00f3rej na godz. 17.00 zapraszaj\u0105 na kolacj\u0119 wigilijn\u0105 do Zespo\u0142u Szk\u00f3\u0142 w Tumlinie.<\/li>\n<li>Gmina zapewnia przew\u00f3z niezmotoryzowanym.<\/li>\n<\/ul>\n<p>&#8211; 15.00 Jaworze &#8211; przystanki<\/p>\n<p>&#8211; 15.05 p\u0119tla MPK Kajetan\u00f3w<\/p>\n<p>&#8211; 15.10 Gruszka &#8211; przystanki<\/p>\n<p>&#8211; 15.15 Lekomin &#8211; przystanek<\/p>\n<p>&#8211; 15.20 Zache\u0142mie &#8211; przystanki<\/p>\n<p>&#8211; 15.25 Belno &#8211; przystanki<\/p>\n<p>&#8211; 15.30 Wrzosy &#8211; k\/sklep<\/p>\n<p>&#8211; 15.35 Zagna\u0144sk &#8211; przystanek k\/Lewiatana<\/p>\n<p>&#8211; 15.40 Janasz\u00f3w &#8211; przystanki<\/p>\n<p>&#8211; 15.45 Samson\u00f3w &#8211; przystanek k\/Ruin<\/p>\n<p>&nbsp;<\/p>\n<p>&nbsp;<\/p>\n<p>&nbsp;<\/p>\n ","protected":false},"excerpt":{"rendered":"<p>Prze\u017cywamy dzi\u015b III niedziel\u0119 Adwentu (Gaudete). W tym tygodniu przypadaj\u0105 nast\u0119puj\u0105ce wspomnienia liturgiczne: \u00a0 \u00a0we wtorek: \u015bw. \u0141ucji, dziewicy i m\u0119czennicy w [&hellip;]<\/p>\n","protected":false},"author":1,"featured_media":0,"comment_status":"open","ping_status":"open","sticky":false,"template":"","format":"standard","meta":{"_acf_changed":false,"jetpack_post_was_ever_published":false,"_jetpack_newsletter_access":"","_jetpack_dont_email_post_to_subs":false,"_jetpack_newsletter_tier_id":0,"_jetpack_memberships_contains_paywalled_content":false,"_jetpack_memberships_contains_paid_content":false,"footnotes":"","jetpack_publicize_message":"","jetpack_publicize_feature_enabled":true,"jetpack_social_post_already_shared":false,"jetpack_social_options":{"image_generator_settings":{"template":"highway","enabled":false},"version":2}},"categories":[3],"tags":[],"class_list":["post-166","post","type-post","status-publish","format-standard","hentry","category-ogloszenia"],"jetpack_publicize_connections":[],"acf":[],"jetpack_featured_media_url":"","jetpack_sharing_enabled":true,"jetpack_shortlink":"https:\/\/wp.me\/paz7cl-2G","_links":{"self":[{"href":"http:\/\/www.rozalia-zagnansk.pl\/index.php?rest_route=\/wp\/v2\/posts\/166","targetHints":{"allow":["GET"]}}],"collection":[{"href":"http:\/\/www.rozalia-zagnansk.pl\/index.php?rest_route=\/wp\/v2\/posts"}],"about":[{"href":"http:\/\/www.rozalia-zagnansk.pl\/index.php?rest_route=\/wp\/v2\/types\/post"}],"author":[{"embeddable":true,"href":"http:\/\/www.rozalia-zagnansk.pl\/index.php?rest_route=\/wp\/v2\/users\/1"}],"replies":[{"embeddable":true,"href":"http:\/\/www.rozalia-zagnansk.pl\/index.php?rest_route=%2Fwp%2Fv2%2Fcomments&post=166"}],"version-history":[{"count":5,"href":"http:\/\/www.rozalia-zagnansk.pl\/index.php?rest_route=\/wp\/v2\/posts\/166\/revisions"}],"predecessor-version":[{"id":175,"href":"http:\/\/www.rozalia-zagnansk.pl\/index.php?rest_route=\/wp\/v2\/posts\/166\/revisions\/175"}],"wp:attachment":[{"href":"http:\/\/www.rozalia-zagnansk.pl\/index.php?rest_route=%2Fwp%2Fv2%2Fmedia&parent=166"}],"wp:term":[{"taxonomy":"category","embeddable":true,"href":"http:\/\/www.rozalia-zagnansk.pl\/index.php?rest_route=%2Fwp%2Fv2%2Fcategories&post=166"},{"taxonomy":"post_tag","embeddable":true,"href":"http:\/\/www.rozalia-zagnansk.pl\/index.php?rest_route=%2Fwp%2Fv2%2Ftags&post=166"}],"curies":[{"name":"wp","href":"https:\/\/api.w.org\/{rel}","templated":true}]}}