{"id":164,"date":"2016-12-09T12:56:13","date_gmt":"2016-12-09T12:56:13","guid":{"rendered":"http:\/\/www.rozalia.kielce.opoka.org.pl\/?p=164"},"modified":"2016-12-09T12:56:13","modified_gmt":"2016-12-09T12:56:13","slug":"ogloszenia-duszpasterskie-04-grudnia-2016-r","status":"publish","type":"post","link":"http:\/\/www.rozalia-zagnansk.pl\/?p=164","title":{"rendered":"Og\u0142oszenia duszpasterskie \u2013 04 grudnia 2016 r."},"content":{"rendered":"<ul>\n<li><b><span style=\"font-weight: 400;\">Prze\u017cywamy dzi\u015b II Niedziel\u0119 Adwentu, z darem ofiar\u0105 i modlitw\u0105 pomagamy Ko\u015bcio\u0142owi na wschodzie. <\/span><\/b><\/li>\n<\/ul>\n<ul>\n<li><span style=\"font-weight: 400;\">W tym tygodniu przypadaj\u0105 nast\u0119puj\u0105ce wspomnienia liturgiczne:\u00a0<\/span>\n<ul>\n<li>\u00a0we wtorek: \u015bw. Miko\u0142aja, biskupa \u2013 w dobroci serca patrona tego dnia pami\u0119tajmy o sobie<\/li>\n<li>w \u015brod\u0119: \u015bw. Ambro\u017cego, biskupa i doktora Ko\u015bcio\u0142a<\/li>\n<li>w czwartek: Uroczysto\u015b\u0107 Niepokalanego Pocz\u0119cia NMP \u2013 Msza \u015bw. z tej uroczysto\u015bci o godz. 16.30 po roratach.<\/li>\n<\/ul>\n<\/li>\n<\/ul>\n<p>&nbsp;<\/p>\n<ul>\n<li><b><span style=\"font-weight: 400;\">W przysz\u0142\u0105 niedziel\u0119 w czasie Mszy \u015bw. o godz. 10.00 dzieci przygotowuj\u0105ce si\u0119 do I komunii \u015bw. otrzymaj\u0105 z r\u0105k swoich rodzic\u00f3w po\u015bwi\u0119cone medaliki. <\/span><\/b><\/li>\n<\/ul>\n<ul>\n<li><span style=\"font-weight: 400;\">W nast\u0119pn\u0105 niedziel\u0119 rozpoczynamy Rekolekcje Adwentowe. Plan rekolekcji: niedziela, poniedzia\u0142ek i wtorek \u2013 dzie\u0144 spowiedzi. Rekolekcje poprowadzi franciszkanin O. Karol Olborski.<\/span><\/li>\n<\/ul>\n<ul>\n<li><span style=\"font-weight: 400;\">W zakrystii s\u0105 do nabycia \u015bwiece Caritas &#8211; Wigilijne Dzie\u0142o Pomocy Dzieciom. Ofiara z\u0142o\u017cona za jedn\u0105 \u015bwiec\u0119 to koszt obiadu dla dziecka (\u015bwieca ma\u0142a od \u00a0\u00a06 z\u0142, \u015bwieca du\u017ca od 15 z\u0142). <\/span><\/li>\n<\/ul>\n<ul>\n<li><span style=\"font-weight: 400;\">R\u00f3wnie\u017c w zakrystii s\u0105 do nabycia po\u015bwi\u0119cone op\u0142atki na wigilijny st\u00f3\u0142 \u2013 ofiar\u0119 przeznaczymy na \u015bwi\u0105teczn\u0105 pomoc najubo\u017cszym. <\/span><\/li>\n<\/ul>\n<ul>\n<li><span style=\"font-weight: 400;\">Po raz kolejny stra\u017cacy z OSP Chrusty udadz\u0105 si\u0119 do naszych dom\u00f3w z kalendarzami stra\u017cackimi. Pozyskane fundusze przeznaczone zostan\u0105 na dzia\u0142alno\u015b\u0107 z m\u0142odzie\u017c\u0105 stra\u017cack\u0105. Prosimy o przyj\u0119cie stra\u017cak\u00f3w z otwartymi sercami. <\/span><\/li>\n<\/ul>\n<ul>\n<li><span style=\"font-weight: 400;\">W zakrystii mo\u017cna naby\u0107 Kalendarz Rolniczy oraz pras\u0119 katolick\u0105 \u2013 zach\u0119camy do czytania. <\/span><\/li>\n<\/ul>\n<ul>\n<li><span style=\"font-weight: 400;\">Przypominamy o naszej internetowej stronie parafialnej: <\/span><a href=\"http:\/\/www.rozalia.kielce.opoka.org.pl\"><span style=\"font-weight: 400;\">www.rozalia.kielce.opoka.org.pl<\/span><\/a><\/li>\n<\/ul>\n<ul>\n<li><span style=\"font-weight: 400;\">Wyra\u017camy rado\u015b\u0107 z tego powodu, \u017ce liczna grupka dzieci uczestniczy w Roratach, kt\u00f3re s\u0105 sprawowane codziennie o godz. 16.00 a w sobot\u0119 o 8.00 rano. Prosz\u0119 pom\u00f3\u017ccie swoim dzieciom prze\u017cy\u0107 niezwyk\u0142y urok adwentowego oczekiwania na Zbawiciela. <\/span><\/li>\n<\/ul>\n<ul>\n<li><span style=\"font-weight: 400;\">Trzeciej grupie sprz\u0105taj\u0105cej z Chrust\u00f3w dzi\u0119kujemy za przygotowanie naszej \u015bwi\u0105tyni do dzisiejszej niedzieli. Msza \u015bw. w\u00a0intencji tej grupy sprawowana b\u0119dzie 11 grudnia o godz. 8.00. Druga grupa zebra\u0142a kwot\u0119 50 z\u0142. W sobot\u0119, na godz. 9.00 zapraszamy kolejne dziesi\u0119\u0107 rodzin z\u00a0Chrust\u00f3w do sprz\u0105tania ko\u015bcio\u0142a.<\/span><\/li>\n<\/ul>\n<ul>\n<li><span style=\"font-weight: 400;\">Dzi\u0119kuj\u0119 tym rodzinom, kt\u00f3re sk\u0142adaj\u0105 ofiary w kopertach na potrzeby ko\u015bcio\u0142a. <\/span><\/li>\n<\/ul>\n<p>&nbsp;<\/p>\n<p>&nbsp;<\/p>\n ","protected":false},"excerpt":{"rendered":"<p>Prze\u017cywamy dzi\u015b II Niedziel\u0119 Adwentu, z darem ofiar\u0105 i modlitw\u0105 pomagamy Ko\u015bcio\u0142owi na wschodzie. W tym tygodniu przypadaj\u0105 nast\u0119puj\u0105ce wspomnienia liturgiczne:\u00a0 \u00a0we [&hellip;]<\/p>\n","protected":false},"author":1,"featured_media":0,"comment_status":"open","ping_status":"open","sticky":false,"template":"","format":"standard","meta":{"_acf_changed":false,"jetpack_post_was_ever_published":false,"_jetpack_newsletter_access":"","_jetpack_dont_email_post_to_subs":false,"_jetpack_newsletter_tier_id":0,"_jetpack_memberships_contains_paywalled_content":false,"_jetpack_memberships_contains_paid_content":false,"footnotes":"","jetpack_publicize_message":"","jetpack_publicize_feature_enabled":true,"jetpack_social_post_already_shared":false,"jetpack_social_options":{"image_generator_settings":{"template":"highway","enabled":false},"version":2}},"categories":[3],"tags":[],"class_list":["post-164","post","type-post","status-publish","format-standard","hentry","category-ogloszenia"],"jetpack_publicize_connections":[],"acf":[],"jetpack_featured_media_url":"","jetpack_sharing_enabled":true,"jetpack_shortlink":"https:\/\/wp.me\/paz7cl-2E","_links":{"self":[{"href":"http:\/\/www.rozalia-zagnansk.pl\/index.php?rest_route=\/wp\/v2\/posts\/164","targetHints":{"allow":["GET"]}}],"collection":[{"href":"http:\/\/www.rozalia-zagnansk.pl\/index.php?rest_route=\/wp\/v2\/posts"}],"about":[{"href":"http:\/\/www.rozalia-zagnansk.pl\/index.php?rest_route=\/wp\/v2\/types\/post"}],"author":[{"embeddable":true,"href":"http:\/\/www.rozalia-zagnansk.pl\/index.php?rest_route=\/wp\/v2\/users\/1"}],"replies":[{"embeddable":true,"href":"http:\/\/www.rozalia-zagnansk.pl\/index.php?rest_route=%2Fwp%2Fv2%2Fcomments&post=164"}],"version-history":[{"count":1,"href":"http:\/\/www.rozalia-zagnansk.pl\/index.php?rest_route=\/wp\/v2\/posts\/164\/revisions"}],"predecessor-version":[{"id":165,"href":"http:\/\/www.rozalia-zagnansk.pl\/index.php?rest_route=\/wp\/v2\/posts\/164\/revisions\/165"}],"wp:attachment":[{"href":"http:\/\/www.rozalia-zagnansk.pl\/index.php?rest_route=%2Fwp%2Fv2%2Fmedia&parent=164"}],"wp:term":[{"taxonomy":"category","embeddable":true,"href":"http:\/\/www.rozalia-zagnansk.pl\/index.php?rest_route=%2Fwp%2Fv2%2Fcategories&post=164"},{"taxonomy":"post_tag","embeddable":true,"href":"http:\/\/www.rozalia-zagnansk.pl\/index.php?rest_route=%2Fwp%2Fv2%2Ftags&post=164"}],"curies":[{"name":"wp","href":"https:\/\/api.w.org\/{rel}","templated":true}]}}