{"id":1545,"date":"2019-08-24T14:08:47","date_gmt":"2019-08-24T14:08:47","guid":{"rendered":"http:\/\/www.rozalia-zagnansk.pl\/?p=1545"},"modified":"2019-08-24T14:08:47","modified_gmt":"2019-08-24T14:08:47","slug":"ogloszenia-duszpasterskie-25-08-2019-r","status":"publish","type":"post","link":"http:\/\/www.rozalia-zagnansk.pl\/?p=1545","title":{"rendered":"Og\u0142oszenia duszpasterskie 25.08.2019 r."},"content":{"rendered":"<p style=\"text-align: center;\"><strong>Og\u0142oszenia duszpasterskie 25.08.2019 r. <\/strong><\/p>\n<p>\u201eOn rzek\u0142 do nich: \u00abUsi\u0142ujcie wej\u015b\u0107 przez ciasne drzwi; gdy\u017c wielu, powiadam wam, b\u0119dzie chcia\u0142o wej\u015b\u0107, a nie zdo\u0142aj\u0105\u201d. Historia ludzkiego \u017cycia uczy nas, \u017ce mo\u017ce cz\u0142owiek pob\u0142\u0105dzi\u0107. Bowiem ludzk\u0105 rzecz\u0105 jest b\u0142\u0105dzi\u0107. M\u0105dro\u015bci\u0105 jest si\u0119 przyzna\u0107 do b\u0142\u0119du i pr\u00f3bowa\u0107 go naprawi\u0107. Jednak w wymiarze zbawienia, na kt\u00f3r\u0105 sk\u0142ada si\u0119 \u017cycie w wierze: modlitwa, \u017cycie sakramentalne, lektura Pisma \u015bw. nie mo\u017cemy pozwoli\u0107 sobie na pob\u0142\u0105dzenie, bowiem mo\u017cemy na ko\u0144ce \u017cycia us\u0142ysze\u0107 od Pana: \u201ePowiadam wam, nie wiem, sk\u0105d jeste\u015bcie. Odst\u0105pcie ode Mnie wszyscy, kt\u00f3rzy dopuszczacie si\u0119 niesprawiedliwo\u015bci!\u201d\u00a0Dlatego potrzebujemy Przewodnika na drogi \u017cycia. M\u00f3wi dzisiaj Jezus: Ja jestem drog\u0105 i prawd\u0105, i \u017cyciem. Nikt nie przychodzi do Ojca inaczej jak tylko przeze Mnie.<\/p>\n<p>W poniedzia\u0142ek <strong>26 sierpnia<\/strong> obchodzimy <strong>Uroczysto\u015b\u0107 N.M.P. Cz\u0119stochowskiej.<\/strong> W tym miejscu pragn\u0119 z serca podzi\u0119kowa\u0107 we w\u0142asnym i w imieniu kierownika 39 pielgrzymki Siedleckiej, tym wszystkim Parafianom, kt\u00f3rzy tradycyjnie go\u015bcili pielgrzym\u00f3w zmierzaj\u0105cych do Cz\u0119stochowy. Dzi\u0119kuj\u0119 Parafianom, kt\u00f3rzy podj\u0119li trud osobistej pielgrzymki w ramach diecezjalnej pielgrzymki lub z innymi diecezjami. Dzi\u0119kuj\u0119 Wszystkim, kt\u00f3rzy duchowo towarzyszyli pielgrzymom. Zapraszam pielgrzym\u00f3w na spotkanie po mszy \u015bw. o godz. <strong>18<sup>00<\/sup><\/strong> do Sali pod ko\u015bcio\u0142em na spotkanie rado\u015bci i \u015bwiadectwa po pielgrzymce, kto mo\u017ce to prosz\u0119 przynie\u015b\u0107 jakie\u015b wypieki.<\/p>\n<p>W pi\u0105tek <strong>30 sierpnia<\/strong> zapraszam wraz ze wsp\u00f3lnot\u0105 Odnowy w Duchu \u015awi\u0119tym na tradycyjny wiecz\u00f3r uwielbienia po\u0142\u0105czony z modlitw\u0105 o uzdrowienie na <strong>godz. 18<sup>00<\/sup><\/strong>.<\/p>\n<p>Dzi\u0119kuj\u0119 IV gr. Rodzin z Zache\u0142mia za trosk\u0119 i ofiar\u0119 na Ko\u015bci\u00f3\u0142 w kwocie 350 z\u0142. Msza \u015bw. \u00a0w intencji tych Rodzin \u2013 28.08. w \u015brod\u0119 na mszy \u015bw. do M.B.N. P. o godz. <strong>18<sup>00<\/sup>. <\/strong>W sobot\u0119 zapraszam kolejne 10 rodzin z Zache\u0142mia.<\/p>\n<p>W tym roku obchodzimy <strong>80. rocznic\u0119 wybuchu II wojny \u015bwiatowej<\/strong>.\u00a0 W naszej wsp\u00f3lnocie parafialnej uczcimy to wydarzenie <strong>1 wrze\u015bnia.<\/strong>\u00a0 Podczas Mszy \u015bw. o godz. <strong>12<sup>00<\/sup><\/strong> pomodlimy si\u0119 w intencji: <em>Polskich \u017co\u0142nierzy, kt\u00f3rzy 80 lat temu stan\u0119li w obronie Ojczyzny.<\/em><\/p>\n<p>Uroczysto\u015b\u0107 o godz. <strong>11<sup>45<\/sup><\/strong> rozpocznie wyst\u0119p Ch\u00f3ru Con Passione oraz m\u0142odzie\u017cy ze SP nr 1 w Zagna\u0144sku (Chrustach). Zaprezentowany zostanie program historyczno-muzyczny \u201eBy\u0142 taki\u00a0 wrzesie\u0144 \u2026 &#8211; 1939 r.\u201d Po Eucharystii oko\u0142o godziny <strong>13<sup>30<\/sup><\/strong> zapraszamy Parafian na uroczysto\u015b\u0107 z\u0142o\u017cenia kwiat\u00f3w i zniczy na zbiorowej mogile \u017bo\u0142nierzy Polskich, kt\u00f3rzy polegli na ziemi zagna\u0144skiej we wrze\u015bniu 1939 r. Wi\u0105zanki zostan\u0105 z\u0142o\u017cone tak\u017ce na mogi\u0142ach: nieznanego \u017co\u0142nierza i porucznika rezerwy Stefana Klimczyka. <strong>B\u0119dzie \u00a0\u00a0to zarazem Uroczysto\u015b\u0107 Gminna na kt\u00f3r\u0105 zapraszam wraz z Panem W\u00f3jtem \u2013 Wojciechem \u015alefarskim. <\/strong>Zach\u0119cam do przeczytania dodatku do \u201eNiedzielnika\u201d, kt\u00f3ry znajduje si\u0119 na stronie internetowej parafii. Na tej mszy \u015bw. r\u00f3wnie\u017c b\u0119dziemy si\u0119 modli\u0107 za <strong>Uczni\u00f3w, Grono Pedagogiczne, Pracownik\u00f3w Administracji<\/strong> na inauguracj\u0119 roku szkolnego. W trakcie mszy \u015bw. po\u015bwi\u0119cimy <strong>Pierwszakom<\/strong> tornistry\/plecaki prosz\u0105c o b\u0142ogos\u0142awie\u0144stwo dla nich na lata szkolne. T\u0105 uroczyst\u0105 sum\u0105 uczcimy <strong>\u015bw. Rozali\u0119<\/strong>. Po mszy \u015bw. procesja eucharystyczna, na kt\u00f3r\u0105 zwyczajowo zapraszam Wszystkie Grupy parafialne wraz z dzie\u0107mi sypi\u0105cymi kwiaty. Uroczysto\u015bciom b\u0119dzie przewodniczy\u0142 nowo mianowany Dziekan naszego dekanatu \u2013 <strong>ks. Kanonik Jan Marczewski. <\/strong><\/p>\n<p>W tym dniu zwyczajowo b\u0119dziemy \u015bwi\u0119towa\u0107 doroczny, ju\u017c <strong>X Parafialny Festyn Rodzinny<\/strong>, zatytu\u0142owany <strong>\u201eParafia to My\u201d<\/strong>. Ogromnie si\u0119 ciesz\u0119, \u017ce idea i nazwa Festynu wysz\u0142a od Organizator\u00f3w Rady Parafialnej i So\u0142ectwa zaanga\u017cowane w przygotowania. Wszystkie Inicjatywy, Grupy, Organizacje i Stowarzyszenia b\u0119d\u0105ce na terenie parafii, je\u017celi pragn\u0105 budowa\u0107 <strong>Wsp\u00f3lnot\u0119 parafii<\/strong>, podejmuj\u0105 trosk\u0119 o integruj\u0105cy nas Festyn, jako wyraz wsp\u00f3lnego \u015bwi\u0119towania. B\u0119dziemy <strong>Razem<\/strong>, bez wyr\u00f3\u017cniania kogo\u015b szczeg\u00f3lnie. Zapraszam zatem w imieniu Rady Parafialnej i So\u0142ectw na godz. <strong>16<sup>00<\/sup><\/strong>, b\u0119dzie ciekawy program i atrakcje dla rodzin, dzieci z wyst\u0119pem Gwiazdy wieczoru, p. Romy Owsi\u0144skiej wraz z Przyjaci\u00f3\u0142mi. Szczeg\u00f3\u0142y na plakatach, na str. internetowej parafii i Gminy. <strong>W t\u0105 niedziel\u0119 nie b\u0119dzie mszy \u015bw. o godz.16<sup>00<\/sup>.<\/strong><\/p>\n<p><a href=\"http:\/\/www.rozalia-zagnansk.pl\/wp-content\/uploads\/2019\/08\/Niedzielnik-2019.08.25.pdf\">Niedzielnik 2019.08.25<\/a><\/p>\n<p><a href=\"http:\/\/www.rozalia-zagnansk.pl\/wp-content\/uploads\/2019\/08\/niedzielnik-dodatek-nr-4-2019.pdf\">Niedzielnik &#8211; dodatek nr 4 2019<\/a><\/p>\n<p><a href=\"http:\/\/www.rozalia-zagnansk.pl\/wp-content\/uploads\/2019\/08\/Plakat.jpg\"><img fetchpriority=\"high\" decoding=\"async\" class=\"size-full wp-image-1549 aligncenter\" src=\"http:\/\/www.rozalia-zagnansk.pl\/wp-content\/uploads\/2019\/08\/Plakat.jpg\" alt=\"\" width=\"900\" height=\"1267\" srcset=\"http:\/\/www.rozalia-zagnansk.pl\/wp-content\/uploads\/2019\/08\/Plakat.jpg 900w, http:\/\/www.rozalia-zagnansk.pl\/wp-content\/uploads\/2019\/08\/Plakat-213x300.jpg 213w, http:\/\/www.rozalia-zagnansk.pl\/wp-content\/uploads\/2019\/08\/Plakat-768x1081.jpg 768w, http:\/\/www.rozalia-zagnansk.pl\/wp-content\/uploads\/2019\/08\/Plakat-727x1024.jpg 727w\" sizes=\"(max-width: 900px) 100vw, 900px\" \/><\/a><\/p>\n ","protected":false},"excerpt":{"rendered":"<p>Og\u0142oszenia duszpasterskie 25.08.2019 r. \u201eOn rzek\u0142 do nich: \u00abUsi\u0142ujcie wej\u015b\u0107 przez ciasne drzwi; gdy\u017c wielu, powiadam wam, b\u0119dzie chcia\u0142o wej\u015b\u0107, a nie [&hellip;]<\/p>\n","protected":false},"author":1,"featured_media":0,"comment_status":"closed","ping_status":"open","sticky":false,"template":"","format":"standard","meta":{"_acf_changed":false,"jetpack_post_was_ever_published":false,"_jetpack_newsletter_access":"","_jetpack_dont_email_post_to_subs":false,"_jetpack_newsletter_tier_id":0,"_jetpack_memberships_contains_paywalled_content":false,"_jetpack_memberships_contains_paid_content":false,"footnotes":"","jetpack_publicize_message":"","jetpack_publicize_feature_enabled":true,"jetpack_social_post_already_shared":true,"jetpack_social_options":{"image_generator_settings":{"template":"highway","enabled":false},"version":2}},"categories":[3],"tags":[],"class_list":["post-1545","post","type-post","status-publish","format-standard","hentry","category-ogloszenia"],"jetpack_publicize_connections":[],"acf":[],"jetpack_featured_media_url":"","jetpack_sharing_enabled":true,"jetpack_shortlink":"https:\/\/wp.me\/paz7cl-oV","_links":{"self":[{"href":"http:\/\/www.rozalia-zagnansk.pl\/index.php?rest_route=\/wp\/v2\/posts\/1545","targetHints":{"allow":["GET"]}}],"collection":[{"href":"http:\/\/www.rozalia-zagnansk.pl\/index.php?rest_route=\/wp\/v2\/posts"}],"about":[{"href":"http:\/\/www.rozalia-zagnansk.pl\/index.php?rest_route=\/wp\/v2\/types\/post"}],"author":[{"embeddable":true,"href":"http:\/\/www.rozalia-zagnansk.pl\/index.php?rest_route=\/wp\/v2\/users\/1"}],"replies":[{"embeddable":true,"href":"http:\/\/www.rozalia-zagnansk.pl\/index.php?rest_route=%2Fwp%2Fv2%2Fcomments&post=1545"}],"version-history":[{"count":1,"href":"http:\/\/www.rozalia-zagnansk.pl\/index.php?rest_route=\/wp\/v2\/posts\/1545\/revisions"}],"predecessor-version":[{"id":1550,"href":"http:\/\/www.rozalia-zagnansk.pl\/index.php?rest_route=\/wp\/v2\/posts\/1545\/revisions\/1550"}],"wp:attachment":[{"href":"http:\/\/www.rozalia-zagnansk.pl\/index.php?rest_route=%2Fwp%2Fv2%2Fmedia&parent=1545"}],"wp:term":[{"taxonomy":"category","embeddable":true,"href":"http:\/\/www.rozalia-zagnansk.pl\/index.php?rest_route=%2Fwp%2Fv2%2Fcategories&post=1545"},{"taxonomy":"post_tag","embeddable":true,"href":"http:\/\/www.rozalia-zagnansk.pl\/index.php?rest_route=%2Fwp%2Fv2%2Ftags&post=1545"}],"curies":[{"name":"wp","href":"https:\/\/api.w.org\/{rel}","templated":true}]}}