{"id":1487,"date":"2019-06-15T20:51:10","date_gmt":"2019-06-15T20:51:10","guid":{"rendered":"http:\/\/www.rozalia-zagnansk.pl\/?p=1487"},"modified":"2019-06-15T21:06:44","modified_gmt":"2019-06-15T21:06:44","slug":"ogloszenia-duszpasterskie-16-06-2019-r","status":"publish","type":"post","link":"http:\/\/www.rozalia-zagnansk.pl\/?p=1487","title":{"rendered":"Og\u0142oszenia duszpasterskie 16.06.2019 r."},"content":{"rendered":"<p style=\"text-align: center;\"><strong>Og\u0142oszenia duszpasterskie 16.06.2019 r. <\/strong><\/p>\n<p>Dost\u0105piwszy usprawiedliwienia dzi\u0119ki wierze, zachowajmy pok\u00f3j z Bogiem przez Pana naszego, Jezusa Chrystusa &#8230; poniewa\u017c mi\u0142o\u015b\u0107 Bo\u017ca rozlana jest w sercach naszych przez Ducha \u015awi\u0119tego, kt\u00f3ry zosta\u0142 nam dany. B\u00f3g w trzech Osobach \u2013 wielka jest Tajemnica naszej wiary. B\u00f3g Ojciec nas stworzy\u0142; Chrystus B\u00f3g nas odkupi\u0142; Duch \u015awi\u0119ty B\u00f3g nas u\u015bwi\u0119ca. Po dzia\u0142aniu i jedno\u015bci Os\u00f3b Bo\u017cych mo\u017cemy pozna\u0107 i do\u015bwiadczy\u0107. Jak odpowiedzie\u0107 ? Trwaj\u0105c w modlitwie do Ojca przez Syna w Duchu \u015awi\u0119tym, potrzeba aby\u015bmy byli nosicielami nadziei, kt\u00f3ra ma sw\u00f3j wyraz w codziennej mi\u0142o\u015bci.<\/p>\n<p>W czwartek 20 czerwca, prze\u017cywa\u0107 b\u0119dziemy <strong>Uroczysto\u015b\u0107 Naj\u015bwi\u0119tszego Cia\u0142a i Krwi Chrystusa &#8211; Bo\u017ce Cia\u0142o.<\/strong> Msze \u015bw. w tym dniu o godz. <strong>8<sup>00<\/sup> <\/strong>i <strong>10<sup>00<\/sup>.<\/strong> Msza \u015bwi\u0119ta z\u00a0procesj\u0105 eucharystyczn\u0105 o godz. <strong>10<sup>00<\/sup><\/strong>. Przejdziemy tras\u0105 z lat ubieg\u0142ych. Prosimy mieszka\u0144c\u00f3w \u015aci\u0119gien i Chrust\u00f3w o\u00a0przygotowanie o\u0142tarzy. Zapraszamy Siostry r\u00f3\u017ca\u0144cowe, dzieci sypi\u0105ce kwiaty, Stra\u017cak\u00f3w, Ch\u00f3r parafialny, Rycerzy Kolumba, asyst\u0119 liturgiczn\u0105, Jaworzanki, Florianki i m\u0142odzie\u017c Prosimy parafian o udekorowanie swoich dom\u00f3w. R\u00f3wnie\u017c w Bo\u017ce Cia\u0142o o godz. <strong>15<sup>00<\/sup><\/strong> ksi\u0119\u017ca w naszych miejscowo\u015bciach, b\u0119d\u0105 b\u0142ogos\u0142awi\u0107 pola i zagrody. Gromadzimy si\u0119 w tradycyjnych miejscach. Przy tej okazji z serca dzi\u0119kuj\u0119 Wszystkim, kt\u00f3rzy piel\u0119gnuj\u0105 przydro\u017cne kapliczki, figury i krzy\u017ce.<\/p>\n<p>Od czwartku zapraszam na oktaw\u0119 Bo\u017cego Cia\u0142a Procesja Eucharystyczna po Mszy \u015bw. o godz. <strong>18<sup>00<\/sup><\/strong>, w sobot\u0119 po mszy \u015bw. o godz. <strong>8<sup>00<\/sup><\/strong> a \u00a0w\u00a0niedziel\u0119 po Mszy \u015bw. o godz. <strong>10<sup>00<\/sup><\/strong> wok\u00f3\u0142 ko\u015bcio\u0142a. Msze \u015bw. wieczorne w czasie oktawy tylko o godz. <strong>18<sup>00<\/sup><\/strong>.<\/p>\n<p><strong>We wtorek na godz. 19<sup>00<\/sup> zapraszam Rad\u0119 Parafialn\u0105.<\/strong><\/p>\n<p>W niedziel\u0119 23.06. uroczyste zako\u0144czenie roku szkolnego i katechetycznego na mszy \u015bw. o godz. <strong>10<sup>00<\/sup><\/strong>. Po mszy \u015bw. dzieci b\u0119d\u0105 mog\u0142y otrzyma\u0107 indywidualne b\u0142ogos\u0142awie\u0144stwo na czas wakacji.<\/p>\n<p>Dzi\u0119kuj\u0119\u00a0 ostatniej gr. ze \u015aci\u0119gien za trosk\u0119 i ofiar\u0119 na Ko\u015bci\u00f3\u0142 140 z\u0142. Msza \u015bw. w intencji tych Rodzin \u2013 19.06. na mszy \u015bw. do M.B.N.P. o godz. <strong>18<sup>00<\/sup>.<\/strong><\/p>\n<p>W sobot\u0119 prosz\u0119 pierwsze 10 Rodzin z Lekomina.<\/p>\n<p>Prosz\u0119 z zakrystii pobra\u0107 deklaracje dla kandydat\u00f3w do bierzmowania w roku 2020. W niedziel\u0119 prosz\u0119 przynie\u015b\u0107 wype\u0142nione deklaracje.<\/p>\n<p>Zapraszam na rekolekcje diecezjalne dla ca\u0142ych Rodzin, m\u0142odzie\u017cy i os\u00f3b indywidualnych w dniach 13.07. \u2013 20.07.2019 r. w Szczawnicy. Jestem wsp\u00f3\u0142organizatorem tych rekolekcji i mog\u0119 za\u015bwiadczy\u0107, \u017ce jest to bardzo cenny czas duchowego rozwoju i wzmocnienia wewn\u0119trznego. Zapraszam \u2013 <a href=\"http:\/\/www.rozalia-zagnansk.pl\/?p=1492\">szczeg\u00f3\u0142y w zak\u0142adce aktualno\u015bci<\/a>, oraz na <a href=\"http:\/\/kielce.odnowa.org\/?page_id=1923\">http:\/\/kielce.odnowa.org\/?page_id=1923<\/a><\/p>\n<p><a href=\"http:\/\/www.rozalia-zagnansk.pl\/wp-content\/uploads\/2019\/06\/Niedzielnik-2019.06.16.pdf\">Niedzielnik 2019.06.16<\/a><\/p>\n ","protected":false},"excerpt":{"rendered":"<p>Og\u0142oszenia duszpasterskie 16.06.2019 r. Dost\u0105piwszy usprawiedliwienia dzi\u0119ki wierze, zachowajmy pok\u00f3j z Bogiem przez Pana naszego, Jezusa Chrystusa &#8230; poniewa\u017c mi\u0142o\u015b\u0107 Bo\u017ca rozlana [&hellip;]<\/p>\n","protected":false},"author":1,"featured_media":0,"comment_status":"closed","ping_status":"open","sticky":false,"template":"","format":"standard","meta":{"_acf_changed":false,"jetpack_post_was_ever_published":false,"_jetpack_newsletter_access":"","_jetpack_dont_email_post_to_subs":false,"_jetpack_newsletter_tier_id":0,"_jetpack_memberships_contains_paywalled_content":false,"_jetpack_memberships_contains_paid_content":false,"footnotes":"","jetpack_publicize_message":"","jetpack_publicize_feature_enabled":true,"jetpack_social_post_already_shared":true,"jetpack_social_options":{"image_generator_settings":{"template":"highway","enabled":false},"version":2}},"categories":[3],"tags":[],"class_list":["post-1487","post","type-post","status-publish","format-standard","hentry","category-ogloszenia"],"jetpack_publicize_connections":[],"acf":[],"jetpack_featured_media_url":"","jetpack_sharing_enabled":true,"jetpack_shortlink":"https:\/\/wp.me\/paz7cl-nZ","_links":{"self":[{"href":"http:\/\/www.rozalia-zagnansk.pl\/index.php?rest_route=\/wp\/v2\/posts\/1487","targetHints":{"allow":["GET"]}}],"collection":[{"href":"http:\/\/www.rozalia-zagnansk.pl\/index.php?rest_route=\/wp\/v2\/posts"}],"about":[{"href":"http:\/\/www.rozalia-zagnansk.pl\/index.php?rest_route=\/wp\/v2\/types\/post"}],"author":[{"embeddable":true,"href":"http:\/\/www.rozalia-zagnansk.pl\/index.php?rest_route=\/wp\/v2\/users\/1"}],"replies":[{"embeddable":true,"href":"http:\/\/www.rozalia-zagnansk.pl\/index.php?rest_route=%2Fwp%2Fv2%2Fcomments&post=1487"}],"version-history":[{"count":3,"href":"http:\/\/www.rozalia-zagnansk.pl\/index.php?rest_route=\/wp\/v2\/posts\/1487\/revisions"}],"predecessor-version":[{"id":1496,"href":"http:\/\/www.rozalia-zagnansk.pl\/index.php?rest_route=\/wp\/v2\/posts\/1487\/revisions\/1496"}],"wp:attachment":[{"href":"http:\/\/www.rozalia-zagnansk.pl\/index.php?rest_route=%2Fwp%2Fv2%2Fmedia&parent=1487"}],"wp:term":[{"taxonomy":"category","embeddable":true,"href":"http:\/\/www.rozalia-zagnansk.pl\/index.php?rest_route=%2Fwp%2Fv2%2Fcategories&post=1487"},{"taxonomy":"post_tag","embeddable":true,"href":"http:\/\/www.rozalia-zagnansk.pl\/index.php?rest_route=%2Fwp%2Fv2%2Ftags&post=1487"}],"curies":[{"name":"wp","href":"https:\/\/api.w.org\/{rel}","templated":true}]}}