{"id":1430,"date":"2019-04-07T01:12:41","date_gmt":"2019-04-07T01:12:41","guid":{"rendered":"http:\/\/www.rozalia-zagnansk.pl\/?p=1430"},"modified":"2019-04-07T01:12:41","modified_gmt":"2019-04-07T01:12:41","slug":"ogloszenia-duszpasterskie-07-04-2019-r","status":"publish","type":"post","link":"http:\/\/www.rozalia-zagnansk.pl\/?p=1430","title":{"rendered":"Og\u0142oszenia duszpasterskie 07.04.2019 r."},"content":{"rendered":"<p style=\"text-align: center;\"><strong>Og\u0142oszenia duszpasterskie 07.04.2019 r. <\/strong><\/p>\n<p>\u00abNie wspominajcie wydarze\u0144 minionych, nie roztrz\u0105sajcie w my\u015bli dawnych rzeczy. Oto Ja dokonuj\u0119 rzeczy nowej; pojawia si\u0119 w\u0142a\u015bnie. Tak m\u00f3wi do nas prorok Izajasz. Gdyby cudzo\u0142o\u017cna niewiasta zatrzyma\u0142a si\u0119 na swoim grzesznym \u017cyciu, nie przyj\u0119\u0142aby przebaczenia od Pana i nie posz\u0142aby za Jezusem, nie obmywa\u0142aby Jego st\u00f3p swoimi w\u0142osami, nie sk\u0142ada\u0142aby poca\u0142unk\u00f3w na Jego stopach. Dramat cz\u0142owieka jest wtedy, gdy nie widzi swoich grzech\u00f3w \u00a0\u00a0\u00a0\u00a0\u00a0\u00a0\u00a0\u00a0\u00a0i nie jest\u00a0\u00a0\u00a0\u00a0 w stanie przyj\u0105\u0107 Bo\u017cego mi\u0142osierdzia. Got\u00f3w jest oskar\u017ca\u0107 woko\u0142o a nie widzi belki w w\u0142asnym oku. Gdy miara z\u0142a si\u0119 w nim przepe\u0142ni bierze kamienie w swoje d\u0142onie i got\u00f3w jest ukamienowa\u0107 drugiego za w\u0142asne grzechy. Zatem otwieraj\u0105c si\u0119\u00a0\u00a0\u00a0\u00a0\u00a0\u00a0\u00a0\u00a0\u00a0 w prawdzie o swojej grzeszno\u015bci na Mi\u0142osierdzie Pana, mo\u017cemy \u017cy\u0107 tak jak \u015bw. Pawe\u0142, gdy wyznaje: zapominaj\u0105c o tym, co za mn\u0105, a wyt\u0119\u017caj\u0105c si\u0142y ku temu, co przede mn\u0105, p\u0119dz\u0119 ku wyznaczonej mecie, ku nagrodzie, do jakiej B\u00f3g wzywa\u00a0 w g\u00f3r\u0119, w Chrystusie Jezusie.<\/p>\n<p>Dzi\u0119kuj\u0119 Tym czcicielom \u015bw. Jana Paw\u0142a II, kt\u00f3rzy we wtorkowy wiecz\u00f3r, uczestniczyli w modlitwie za przyczyn\u0105 naszego Wielkiego Polaka w \u015bwi\u0105tyni i na g\u00f3rze Che\u0142mowej. Szczeg\u00f3lnie dzi\u0119kuj\u0119 Radzie Parafialnej, kt\u00f3ra wzi\u0119\u0142a na siebie odpowiedzialno\u015b\u0107 za niedzielne spotkanie z tradycj\u0105, histori\u0105 i wiar\u0105, wtorkowe wspomnienie i rozwa\u017canie drogi krzy\u017cowej.<\/p>\n<p>Zach\u0119cam do udzia\u0142u w drodze krzy\u017cowej na cmentarz parafialny w pi\u0105tek po mszy \u015bw. o godz. 17.00 pami\u0119taj\u0105c, \u017ce przez udzia\u0142 w niej i spe\u0142nienie koniecznych warunk\u00f3w mo\u017cemy uzyska\u0107 odpust zupe\u0142ny i pom\u00f3c zmar\u0142ym.<\/p>\n<p>Szybkimi krokami zbli\u017caj\u0105 si\u0119 \u015bwi\u0119ta Wielkanocne, ju\u017c za tydzie\u0144 rozpoczniemy Wielki Tydzie\u0144 M\u0119ki Pa\u0144skiej &#8211; Niedziel\u0105 Palmow\u0105. Po\u015bwi\u0119cenie palm na ka\u017cdej mszy \u015bw. Przed msz\u0105 \u015bw. o godz. 12.00 b\u0119dzie uroczysta procesja z palmami. Zgromadzimy si\u0119 wtedy na placu ko\u015bcielnym od strony zakrystii gdzie b\u0119dzie mia\u0142 miejsce obrz\u0119d b\u0142ogos\u0142awie\u0144stwa palm, a nast\u0119pnie udamy si\u0119 w\u00a0uroczystej procesji do ko\u015bcio\u0142a. Serdecznie zapraszamy z palmami dzieci, m\u0142odzie\u017c i\u00a0doros\u0142ych na t\u0105 msz\u0119 \u015bw. Prosz\u0119 o kontynuacj\u0119 tej dobrej tradycji \u015bwi\u0119cenia palm.<\/p>\n<p>Dzi\u0119kuj\u0119 IV gr. Rodzin z Gruszki za przygotowanie ko\u015bcio\u0142a do niedzieli i ofiar\u0119 270 z\u0142. Pieni\u0105dze te i z drogi krzy\u017cowej przeznaczamy na kwiaty do Grobu Bo\u017cego. Msza \u015bw. \u00a0\u00a0\u00a0\u00a0\u00a0\u00a0\u00a0w intencji Rodzin tej grupy: 10.04 \u015broda o godz. 17.00. Zapraszam na najbli\u017csz\u0105 sobot\u0119 10 kolejnych Rodzin z Gruszki.<\/p>\n<p>S\u0105 jeszcze do nabycia w zakrystii baranki wielkanocne Caritas.<\/p>\n<p>B\u00f3g zap\u0142a\u0107 za Wasz\u0105 hojno\u015b\u0107 z\u0142o\u017cyli\u015bcie w darze na Pogorzelc\u00f3w 7220 z\u0142.<\/p>\n<p>W nast\u0119pn\u0105 niedziel\u0119, po mszach \u015bwi\u0119tych b\u0119dzie mo\u017cliwo\u015b\u0107 z\u0142o\u017cenia swojego daru wielkopostnej ja\u0142mu\u017cny na \u015bwi\u0105teczn\u0105 pomoc dla ubogich. Prosz\u0119 r\u00f3wnie\u017c o dar \u015bwi\u0105tecznej \u017cywno\u015bci. Paczki \u017cywno\u015bciowe b\u0119d\u0105 dostarczali Rycerze Kolumba po niedzieli Palmowej.<\/p>\n<p><a href=\"http:\/\/www.rozalia-zagnansk.pl\/wp-content\/uploads\/2019\/04\/Niedzielnik-2019.04.07.pdf\">Niedzielnik 2019.04.07<\/a><\/p>\n ","protected":false},"excerpt":{"rendered":"<p>Og\u0142oszenia duszpasterskie 07.04.2019 r. \u00abNie wspominajcie wydarze\u0144 minionych, nie roztrz\u0105sajcie w my\u015bli dawnych rzeczy. Oto Ja dokonuj\u0119 rzeczy nowej; pojawia si\u0119 w\u0142a\u015bnie. [&hellip;]<\/p>\n","protected":false},"author":1,"featured_media":0,"comment_status":"closed","ping_status":"open","sticky":false,"template":"","format":"standard","meta":{"_acf_changed":false,"jetpack_post_was_ever_published":false,"_jetpack_newsletter_access":"","_jetpack_dont_email_post_to_subs":false,"_jetpack_newsletter_tier_id":0,"_jetpack_memberships_contains_paywalled_content":false,"_jetpack_memberships_contains_paid_content":false,"footnotes":"","jetpack_publicize_message":"","jetpack_publicize_feature_enabled":true,"jetpack_social_post_already_shared":true,"jetpack_social_options":{"image_generator_settings":{"template":"highway","enabled":false},"version":2}},"categories":[3],"tags":[],"class_list":["post-1430","post","type-post","status-publish","format-standard","hentry","category-ogloszenia"],"jetpack_publicize_connections":[],"acf":[],"jetpack_featured_media_url":"","jetpack_sharing_enabled":true,"jetpack_shortlink":"https:\/\/wp.me\/paz7cl-n4","_links":{"self":[{"href":"http:\/\/www.rozalia-zagnansk.pl\/index.php?rest_route=\/wp\/v2\/posts\/1430","targetHints":{"allow":["GET"]}}],"collection":[{"href":"http:\/\/www.rozalia-zagnansk.pl\/index.php?rest_route=\/wp\/v2\/posts"}],"about":[{"href":"http:\/\/www.rozalia-zagnansk.pl\/index.php?rest_route=\/wp\/v2\/types\/post"}],"author":[{"embeddable":true,"href":"http:\/\/www.rozalia-zagnansk.pl\/index.php?rest_route=\/wp\/v2\/users\/1"}],"replies":[{"embeddable":true,"href":"http:\/\/www.rozalia-zagnansk.pl\/index.php?rest_route=%2Fwp%2Fv2%2Fcomments&post=1430"}],"version-history":[{"count":1,"href":"http:\/\/www.rozalia-zagnansk.pl\/index.php?rest_route=\/wp\/v2\/posts\/1430\/revisions"}],"predecessor-version":[{"id":1432,"href":"http:\/\/www.rozalia-zagnansk.pl\/index.php?rest_route=\/wp\/v2\/posts\/1430\/revisions\/1432"}],"wp:attachment":[{"href":"http:\/\/www.rozalia-zagnansk.pl\/index.php?rest_route=%2Fwp%2Fv2%2Fmedia&parent=1430"}],"wp:term":[{"taxonomy":"category","embeddable":true,"href":"http:\/\/www.rozalia-zagnansk.pl\/index.php?rest_route=%2Fwp%2Fv2%2Fcategories&post=1430"},{"taxonomy":"post_tag","embeddable":true,"href":"http:\/\/www.rozalia-zagnansk.pl\/index.php?rest_route=%2Fwp%2Fv2%2Ftags&post=1430"}],"curies":[{"name":"wp","href":"https:\/\/api.w.org\/{rel}","templated":true}]}}