{"id":1412,"date":"2019-03-30T21:58:55","date_gmt":"2019-03-30T21:58:55","guid":{"rendered":"http:\/\/www.rozalia-zagnansk.pl\/?p=1412"},"modified":"2019-03-30T21:58:55","modified_gmt":"2019-03-30T21:58:55","slug":"ogloszenia-duszpasterskie-31-03-2019-r","status":"publish","type":"post","link":"http:\/\/www.rozalia-zagnansk.pl\/?p=1412","title":{"rendered":"Og\u0142oszenia duszpasterskie 31.03.2019 r."},"content":{"rendered":"<p style=\"text-align: center;\"><strong>Og\u0142oszenia duszpasterskie 31.03.2019 r. <\/strong><\/p>\n<p>A gdy by\u0142 jeszcze daleko, ujrza\u0142 go jego ojciec i wzruszy\u0142 si\u0119 g\u0142\u0119boko; wybieg\u0142 naprzeciw niego, rzuci\u0142 mu si\u0119 na szyj\u0119 i uca\u0142owa\u0142 go. Ojcowskie serce \u2013 niepoj\u0119te. Jak mo\u017cna przyjmowa\u0107 z takimi honorami \u2013 bankruta. Dlaczego Jezus snuje opowie\u015b\u0107 o ojcu i synach ? Bardzo du\u017co jest w tej przypowie\u015bci inspiracji. Dzisiaj rozczulmy si\u0119 nad Ojcowskim sercem Boga, kt\u00f3ry nie punktuje marnotrawnego syna, ale ka\u017ce poda\u0107 mu wszystko, co ma potwierdzi\u0107 jego godno\u015b\u0107. Co wi\u0119cej raduje si\u0119 z domownikami i s\u0142u\u017cb\u0105 jego powrotem i odnalezieniem si\u0119.<\/p>\n<p>Dzi\u0119kuj\u0119 Panu Bogu za dar minionych rekolekcji wielkopostnych i pi\u0119kne \u015bwiadectwo wiary i prostoty serca o. Ryszarda Jarmu\u017ca. Prosz\u0119 pracujmy nad sob\u0105 aby wytrwa\u0107 w \u0142asce u\u015bwi\u0119caj\u0105cej do \u015bwi\u0105t Zmartwychwstania Pa\u0144skiego. Dzi\u0119kuje s\u0142u\u017cbie ko\u015bcielnej, p. ko\u015bcielnemu Sebastianowi i p. organi\u015bcie Paw\u0142owi, czytaj\u0105cym S\u0142owo Bo\u017ce i ministrantom. Dzi\u0119kuj\u0119 kap\u0142anom z dekanatu za pos\u0142ug\u0119 spowiedzi \u015bwi\u0119tej. Paniom pomagaj\u0105cym p. Gospodyni \u00a0w kuchni. Dzi\u0119kuj\u0119 Gronu Pedagogicznemu SP Nr. 1 za opiek\u0119 pedagogiczn\u0105 w czasie rekolekcji szkolnych. Wszystkim z serca sk\u0142adam B\u00f3g zap\u0142a\u0107.<\/p>\n<p>Ojciec zach\u0119ca\u0142 nas do duchowej adopcji dziecka pocz\u0119tego. Prosz\u0119 aby osoby kt\u00f3re zabra\u0142y deklaracje, z\u0142o\u017cy\u0142y je dzisiaj po mszy \u015bw. na o\u0142tarzu Matki Bo\u017cej, mo\u017cna jeszcze wzi\u0105\u0107 czyste deklaracje. Chcemy zaproponowa\u0107 tej grupie os\u00f3b formu\u0142\u0119 wsp\u00f3lnych spotka\u0144.<\/p>\n<p>We wtorek mija 14 rocz. odej\u015bcia do Domu Ojca Jana Paw\u0142a II. Pragniemy przywo\u0142uj\u0105c klimat tamtych dni i potrzebuj\u0105c nieustannego or\u0119downictwa \u015bwi\u0119tego Jana Paw\u0142a II zgromadzi\u0107 si\u0119 w ko\u015bciele na msz\u0119 \u015bw. o godz. <strong>20<sup>00<\/sup><\/strong>, nast\u0119pnie w asy\u015bcie Druh\u00f3w Stra\u017cak\u00f3w przej\u015b\u0107 na G\u00f3r\u0119 Che\u0142mow\u0105, aby tam pok\u0142oni\u0107 si\u0119 krzy\u017cowi dedykowanemu naszemu Wielkiemu Rodakowi i wr\u00f3ci\u0107 na godz. <strong>21<sup>37<\/sup><\/strong> do \u015bwi\u0105tyni aby uczci\u0107 relikwie \u015bwi\u0119tego Papie\u017ca i od\u015bpiewa\u0107 wsp\u00f3lnie Bark\u0119. Zapraszam z ca\u0142ego serca wszystkie stany.<\/p>\n<p>W tym tygodniu przypada I Pi\u0105tek miesi\u0105ca. Msze \u015bw. o godz. <strong>8<sup>00<\/sup><\/strong> i <strong>17<sup>00<\/sup><\/strong>. Ksi\u0105dz z komuni\u0105 \u015bw. uda si\u0119 do chorych kt\u00f3rzy co miesi\u0105c podejmuj\u0105 kap\u0142ana. Do chorych na zg\u0142oszenia ksi\u0105dz uda si\u0119 w Wielkim Tygodniu. I Sobota miesi\u0105ca adoracja Naj\u015bwi\u0119tszego Sakramentu od godz. <strong>7<sup>00<\/sup><\/strong>. Po mszy \u015bw. czcicieli Niepokalanego Serca NMP, ksi\u0105dz Janusz zaprasza do Sali w podziemiach ko\u015bcio\u0142a na herbat\u0119, kaw\u0119 i ma\u0142e co nieco.<\/p>\n<p>Zach\u0119cam do licznego udzia\u0142u w drodze krzy\u017cowej \u2013 mo\u017cemy przez udzia\u0142 i spe\u0142nienie koniecznych warunk\u00f3w uzyska\u0107 odpust zupe\u0142ny i pom\u00f3c zmar\u0142ym. Najbli\u017csz\u0105 poprowadzi Rada Parafialna. 12 kwietnia p\u00f3jdziemy w drodze krzy\u017cowej na cmentarz. W czasie drogi krzy\u017cowej zbieramy ofiary na kwiaty i budow\u0119 Grobu Pa\u0144skiego.<\/p>\n<p>Po mszy \u015bw. o godz. <strong>10<sup>00<\/sup><\/strong> w podziemiach ko\u015bcio\u0142a parafialnego spotkania z histori\u0105 i tradycj\u0105 na temat: \u201eJan Pawe\u0142 II w naszej wsp\u00f3lnocie\u201d .<\/p>\n<p>M\u0142odzie\u017c kandyduj\u0105ca do bierzmowania w pi\u0105tek wyje\u017cd\u017ca pod opiek\u0105 Animator\u00f3w do kina. Wyjazd i powr\u00f3t na parking dolny ko\u0142o ko\u015bcio\u0142a. Ich Rodzic\u00f3w zapraszam po mszy \u015bw. w pi\u0105tek o godz. <strong>17<sup>00<\/sup><\/strong> na spotkanie.<\/p>\n<p>Przypominam o dzisiejszej zbi\u00f3rce pod ko\u015bcio\u0142em dla poszkodowanej Rodziny w wyniku po\u017caru. Zbi\u00f3rk\u0119 przeprowadzaj\u0105 pracownic WTZ Belno.<\/p>\n<p>\u201eKatolickie Liceum Og\u00f3lnokszta\u0142c\u0105ce im. \u015bw. Stanis\u0142awa Kostki w Kielcach serdecznie zaprasza uczni\u00f3w klas VIII Szk\u00f3\u0142 Podstawowych oraz klas trzecich Gimnazjum na Dzie\u0144 Otwartej Szko\u0142y\u00a0 <strong>w sobot\u0119 6 kwietnia 2019 r.\u00a0<\/strong>w godz.\u00a0<strong>10<sup>00<\/sup> \u2013 14<sup>00<\/sup><\/strong>. B\u0119dzie mo\u017cliwo\u015b\u0107 spotkania si\u0119 z nauczycielami i uczniami, zapoznania si\u0119 z ofert\u0105 liceum oraz uczestniczenia w wielu ciekawych inicjatywach.\u201d <a href=\"http:\/\/www.kostka-kielce.pl\">www.kostka-kielce.pl<\/a><\/p>\n<p>Moi Drodzy pod ch\u00f3rem obok tablicy dedykowanej \u015bw. Janowi Paw\u0142owi II umie\u015bcili\u015bmy projekt nowej aran\u017cacji Prezbiterium i o\u0142tarza g\u0142\u00f3wnego. Jak wyja\u015bni\u0142em w homilii, moim pragnieniem jest, aby nasza \u015bwi\u0105tynia by\u0142a miejscem modlitwy i adoracji Pana. Nade wszystko, by z wizerunku Jezusa bi\u0142o to ciep\u0142o, kt\u00f3re jest w Bo\u017cym sercu. Mam \u015bwiadomo\u015b\u0107, \u017ce by\u0107 mo\u017ce dla niekt\u00f3rych Parafian, nie b\u0119dzie to \u0142atwe do zaakceptowania, ale prosz\u0119 zaufajcie nam i m\u00f3dlmy si\u0119 o Bo\u017ce b\u0142ogos\u0142awie\u0144stwa dla tych zamiar\u00f3w. Jest to wielkie przedsi\u0119wzi\u0119cie, ale ufam, \u017ce je\u017celi Pan nam pob\u0142ogos\u0142awi to z wasz\u0105 wielkoduszn\u0105 pomoc\u0105 te plany zrealizujemy. Oczywi\u015bcie na to potrzeba czasu.<\/p>\n<p><a href=\"http:\/\/www.rozalia-zagnansk.pl\/wp-content\/uploads\/2019\/03\/Niedzielnik-2019.03.31.pdf\">Niedzielnik 2019.03.31<\/a><\/p>\n<p><a href=\"http:\/\/www.rozalia-zagnansk.pl\/wp-content\/uploads\/2019\/03\/niedzielnik-kolor-dodatek-nr-2-2019-JP-II-ca\u0142o\u015b\u0107.pdf\">Niedzielnik &#8211; dodatek nr. 2 &#8211; marzec 2019<\/a><\/p>\n ","protected":false},"excerpt":{"rendered":"<p>Og\u0142oszenia duszpasterskie 31.03.2019 r. A gdy by\u0142 jeszcze daleko, ujrza\u0142 go jego ojciec i wzruszy\u0142 si\u0119 g\u0142\u0119boko; wybieg\u0142 naprzeciw niego, rzuci\u0142 mu [&hellip;]<\/p>\n","protected":false},"author":1,"featured_media":0,"comment_status":"closed","ping_status":"open","sticky":false,"template":"","format":"standard","meta":{"_acf_changed":false,"jetpack_post_was_ever_published":false,"_jetpack_newsletter_access":"","_jetpack_dont_email_post_to_subs":false,"_jetpack_newsletter_tier_id":0,"_jetpack_memberships_contains_paywalled_content":false,"_jetpack_memberships_contains_paid_content":false,"footnotes":"","jetpack_publicize_message":"","jetpack_publicize_feature_enabled":true,"jetpack_social_post_already_shared":true,"jetpack_social_options":{"image_generator_settings":{"template":"highway","enabled":false},"version":2}},"categories":[3],"tags":[],"class_list":["post-1412","post","type-post","status-publish","format-standard","hentry","category-ogloszenia"],"jetpack_publicize_connections":[],"acf":[],"jetpack_featured_media_url":"","jetpack_sharing_enabled":true,"jetpack_shortlink":"https:\/\/wp.me\/paz7cl-mM","_links":{"self":[{"href":"http:\/\/www.rozalia-zagnansk.pl\/index.php?rest_route=\/wp\/v2\/posts\/1412","targetHints":{"allow":["GET"]}}],"collection":[{"href":"http:\/\/www.rozalia-zagnansk.pl\/index.php?rest_route=\/wp\/v2\/posts"}],"about":[{"href":"http:\/\/www.rozalia-zagnansk.pl\/index.php?rest_route=\/wp\/v2\/types\/post"}],"author":[{"embeddable":true,"href":"http:\/\/www.rozalia-zagnansk.pl\/index.php?rest_route=\/wp\/v2\/users\/1"}],"replies":[{"embeddable":true,"href":"http:\/\/www.rozalia-zagnansk.pl\/index.php?rest_route=%2Fwp%2Fv2%2Fcomments&post=1412"}],"version-history":[{"count":1,"href":"http:\/\/www.rozalia-zagnansk.pl\/index.php?rest_route=\/wp\/v2\/posts\/1412\/revisions"}],"predecessor-version":[{"id":1415,"href":"http:\/\/www.rozalia-zagnansk.pl\/index.php?rest_route=\/wp\/v2\/posts\/1412\/revisions\/1415"}],"wp:attachment":[{"href":"http:\/\/www.rozalia-zagnansk.pl\/index.php?rest_route=%2Fwp%2Fv2%2Fmedia&parent=1412"}],"wp:term":[{"taxonomy":"category","embeddable":true,"href":"http:\/\/www.rozalia-zagnansk.pl\/index.php?rest_route=%2Fwp%2Fv2%2Fcategories&post=1412"},{"taxonomy":"post_tag","embeddable":true,"href":"http:\/\/www.rozalia-zagnansk.pl\/index.php?rest_route=%2Fwp%2Fv2%2Ftags&post=1412"}],"curies":[{"name":"wp","href":"https:\/\/api.w.org\/{rel}","templated":true}]}}