{"id":1372,"date":"2019-03-24T00:59:59","date_gmt":"2019-03-24T00:59:59","guid":{"rendered":"http:\/\/www.rozalia-zagnansk.pl\/?p=1372"},"modified":"2019-03-24T01:25:31","modified_gmt":"2019-03-24T01:25:31","slug":"1372","status":"publish","type":"post","link":"http:\/\/www.rozalia-zagnansk.pl\/?p=1372","title":{"rendered":"Og\u0142oszenia duszpasterskie 24.03.2019 r."},"content":{"rendered":"<p>&nbsp;<\/p>\n<p style=\"text-align: center;\"><strong>Og\u0142oszenia duszpasterskie 24.03.2019 r. <\/strong><\/p>\n<p>Jezus im odpowiedzia\u0142: \u00abCzy\u017c my\u015blicie, \u017ce ci Galilejczycy byli wi\u0119kszymi grzesznikami ni\u017c inni mieszka\u0144cy Galilei, i\u017c to ucierpieli? Bynajmniej, powiadam wam; lecz je\u015bli si\u0119 nie nawr\u00f3cicie, wszyscy podobnie zginiecie. Twardo brzmi\u0105 s\u0142owa naszego Pana. Potrzeba aby Jezus poruszy\u0142 nasze sumienia, bo by\u0107 mo\u017ce tkwimy w letargu, fa\u0142szywym przekonaniu o w\u0142asnej osobie. Temu s\u0142u\u017cy czas rekolekcji, jak m\u00f3wi \u015bw. Pawe\u0142: W czasie pomy\u015blnym wys\u0142ucha\u0142em ciebie, w dniu zbawienia przyszed\u0142em ci z pomoc\u0105. Oto teraz czas upragniony, oto teraz dzie\u0144 zbawienia. Wykorzystajmy ten czas \u0142aski, jaka zawsze towarzyszy rekolekcjom.<\/p>\n<p>Witam w naszej wsp\u00f3lnocie parafialnej franciszkanina O. Ryszarda Jarmu\u017ca. Mam nadziej\u0119, \u017ce Ojciec dobrze b\u0119dzie si\u0119 czu\u0142 w\u015br\u00f3d nas a my wezwani moc\u0105 S\u0142owa Bo\u017cego rozpoznamy Bo\u017ce drogi\u00a0 w naszym \u017cyciu i b\u0119dziemy mie\u0107 odwag\u0119, aby powierzy\u0107 swoje \u017cycie Jezusowi i przyj\u0105\u0107 moc Jego uzdrowienia i dar pokoju.<\/p>\n<p>Porz\u0105dek wielkopostnych rekolekcji parafialnych b\u0119dzie nast\u0119puj\u0105cy:<\/p>\n<p style=\"padding-left: 30px;\"><strong>Niedziela<\/strong> porz\u0105dek zwyczajny, w trakcie Gorzkich \u017bali kazanie pasyjne.<\/p>\n<p style=\"padding-left: 30px;\"><strong>Poniedzia\u0142ek, Wtorek<\/strong>: godz. <strong>9<sup>00<\/sup><\/strong>\u2013 og\u00f3lna , <strong>11<sup>30<\/sup><\/strong> \u2013 uczniowie SP 1, <strong>16<sup>30<\/sup><\/strong> \u2013 m\u0142odzie\u017c, szczeg\u00f3lnie zapraszam kandydat\u00f3w do bierzmowania, <strong>18<sup>00<\/sup><\/strong> \u2013 og\u00f3lna.<\/p>\n<p style=\"padding-left: 30px;\"><strong>\u015aroda<\/strong>: godz. <strong>9<sup>00<\/sup><\/strong> <strong>18<sup>00<\/sup><\/strong> \u2013 og\u00f3lna. W ramach \u015arody m\u0142odzie\u017c b\u0119dzie mia\u0142a swoje rekolekcje wyjazdowe do Rabki a dzieci pielgrzymk\u0119 do Czernej w maju.<\/p>\n<p style=\"padding-left: 30px;\"><strong>Wtorek dzie\u0144 spowiedzi<\/strong> <strong><u>o godz. 9<sup>30<\/sup>; 11<sup>30<\/sup>; 16<sup>15<\/sup>;17<sup>30<\/sup><\/u><\/strong><\/p>\n<p>Prosz\u0119 zach\u0119cajcie swoich bliskich do skorzystania z rekolekcji i spowiedzi.<\/p>\n<p>B\u00f3g zap\u0142a\u0107 za Wasze ofiary na misje zebrali\u015bmy <strong>1958,50 z\u0142<\/strong>. prosz\u0119 Was drodzy o kolejn\u0105 ofiarn\u0105 pomoc w najbli\u017csz\u0105 niedziel\u0119, dla rodziny z Zalezianki. Dnia 19 marca 2019 roku w wyniku po\u017caru, 2 podopiecznych (braci) z WTZ w Belnie i ich rodzina w jednej chwili zostali pozbawieni dachu nad g\u0142ow\u0105, jak r\u00f3wnie\u017c podstawowych sprz\u0119t\u00f3w gospodarstwa domowego oraz rzeczy codziennego u\u017cytku. Rodzina wielodzietna sk\u0142adaj\u0105ca si\u0119 z 10 os\u00f3b (w tym 4 dzieci z niepe\u0142nosprawno\u015bci\u0105) mieszka\u0142a w ma\u0142ym, dwuizbowym domu. Warunki mieszkaniowe nigdy nie by\u0142y \u0142atwe, jednak teraz stracili wszystko: ca\u0142y sw\u00f3j dobytek a tak\u017ce poczucie bezpiecze\u0144stwa.\u00a0 Zbi\u00f3rka dla poszkodowanej Rodziny w niedziel\u0119 31.03. po Mszach \u015awi\u0119tych roku przez pracownik\u00f3w WTZ Belno.<\/p>\n<p>W czasie rekolekcji b\u0119dziemy \u015bwi\u0119towa\u0107 w poniedzia\u0142ek Uroczysto\u015b\u0107 Zwiastowania NMP kt\u00f3ra jednocze\u015bnie jest obchodzona jako Dzie\u0144 \u015awi\u0119to\u015bci \u017bycia \u2013 komunikat z tym zwi\u0105zany na str. internetowej parafii i w gablocie.<\/p>\n<p>Kolejne parafialne spotkania z histori\u0105 i tradycj\u0105 to zainicjowany przez Rad\u0119 Parafialn\u0105 cykl spotka\u0144, kt\u00f3rych celem jest popularyzowanie wiedzy i wiary. W marcu\u00a0 proponujemy temat: \u201eJan Pawe\u0142 II w naszej wsp\u00f3lnocie\u201d. Wydarzenia kt\u00f3re na trwa\u0142e wpisa\u0142y si\u0119 w \u015bwiadomo\u015b\u0107 mieszka\u0144c\u00f3w. Zapraszamy <strong>31 marca 2019 r. o godzinie 11.00<\/strong>\u00a0 do sali spotka\u0144, znajduj\u0105cej si\u0119 w podziemiach ko\u015bcio\u0142a. Papie\u017c Jan Pawe\u0142 II pozostawi\u0142 wa\u017cny i trwa\u0142y \u015blad w sercu ka\u017cdego Polaka. W naszej Ma\u0142ej Ojczy\u017anie \u2013 Gminie Zagna\u0144sk tak\u017ce czujemy obecno\u015b\u0107 Ojca \u015awi\u0119tego. W trakcie spotkania prowadz\u0105cy i zaproszeni go\u015bcie om\u00f3wi\u0105 te wydarzenia, B\u0119dzie to zarazem przygotowanie to wsp\u00f3lnotowego uczczenia 14 rocz. \u015bm. Jana Paw\u0142a II, na kt\u00f3re zapraszamy w dniu 2 kwietnia. Spotkanie poprowadzi pan Roman Piskulak. Zapraszaj\u0105 ks. Proboszcz i Rada Parafialna.<\/p>\n<p>APEL \u015awi\u0119tokrzyskiego Komendanta Wojew\u00f3dzkiego Pa\u0144stwowej Stra\u017cy Po\u017carnej w sprawie zaniechania wypalania traw i pozosta\u0142o\u015bci ro\u015blinnych !!! W okresie wiosennym, jak co roku, odnotowuje si\u0119 wzrost liczby interwencji Stra\u017cy Po\u017carnej zwi\u0105zanych z wypalaniem traw. W ostatniej dekadzie na terenie wojew\u00f3dztwa \u015bwi\u0119tokrzyskiego odnotowano \u015brednio 3 677 po\u017car\u00f3w traw rocznie. WYPALANIE TRAW JEST SUROWO ZABRONIONE! CO ROKU W POLSCE W TAKICH PO\u017bARACH GINIE OD KILKU DO KILKUNASTU OS\u00d3B!\u00a0<a href=\"http:\/\/www.rozalia-zagnansk.pl\/wp-content\/uploads\/2019\/03\/Apel-Komendanta-Pa\u0144stwowej-Stra\u017cy-Po\u017carnej-o-nie-wypalanie-traw.pdf\">Pe\u0142ny apel znajduje si\u0119 pod tym linkiem.<\/a><\/p>\n<p>Ks. Dyrektor Caritas Kieleckiej zach\u0119ca do przekazania jednego procentu podatku na Caritas Diecezji Kieleckiej, kt\u00f3ra prowadzi hospicja, pomaga w leczeniu i rehabilitacji chorych, wspiera starszych i ubogie rodziny i dzieci. Szczeg\u00f3\u0142y na str. internetowej parafii i w gablocie. Przy tej okazji prosz\u0119 te\u017c o przekazanie\u00a0 1% na Stowarzyszenie \u201eNadzieja Rodzinie\u201d, kt\u00f3re mi\u0119dzy innymi prowadzi nasz\u0105 \u201eWoln\u0105 Stref\u0119\u201d, musz\u0119 poinformowa\u0107, ze borykamy si\u0119 z pot\u0119\u017cnymi k\u0142opotami finansowymi w prowadzeniu Klub\u00f3w M\u0142odzie\u017cowych. Szczeg\u00f3\u0142y na str. Internet.<\/p>\n<p>B\u00f3g zap\u0142a\u0107 II gr. Rodzin z Gruszki za trosk\u0119 o ko\u015bci\u00f3\u0142 i ofiar\u0119 140 z\u0142. Msza \u015bw. w \u015brod\u0119 M.B.N.P. godz. 18<sup>00<\/sup>. Zapraszam w sobot\u0119 kolejne dziesi\u0119\u0107 Rodzin z Gruszki.<\/p>\n<p><a href=\"http:\/\/www.rozalia-zagnansk.pl\/wp-content\/uploads\/2019\/03\/Niedzielnik-2019.03.24a.pdf\">Niedzielnik 2019.03.24<\/a><\/p>\n<p><a href=\"http:\/\/www.rozalia-zagnansk.pl\/wp-content\/uploads\/2019\/03\/Komunikat-Biskupa-Kieleckiego-25-marca-Dzie\u0144-\u015bwi\u0119to\u015bci-\u017cycia-2019.pdf\">Komunikat Biskupa Kieleckiego \u2013 25 marca \u2013 Dzie\u0144 \u015bwi\u0119to\u015bci \u017cycia \u2013 2019<\/a><\/p>\n<p><a href=\"http:\/\/www.rozalia-zagnansk.pl\/?p=1385\">Wspom\u00f3\u017c Caritas<\/a><\/p>\n<p><a href=\"http:\/\/www.rozalia-zagnansk.pl\/?p=1388\">Wspom\u00f3\u017c Stowarzyszenie Nadzieja Rodzinie<\/a><\/p>\n<p><a href=\"http:\/\/www.rozalia-zagnansk.pl\/?attachment_id=1381\" rel=\"attachment wp-att-1381\"><img fetchpriority=\"high\" decoding=\"async\" class=\"alignleft size-full wp-image-1381\" src=\"http:\/\/www.rozalia-zagnansk.pl\/wp-content\/uploads\/2019\/03\/\u017byj\u0119-NIE-NA-PR\u00d3B\u0118-plakat.jpg\" alt=\"\" width=\"590\" height=\"834\" srcset=\"http:\/\/www.rozalia-zagnansk.pl\/wp-content\/uploads\/2019\/03\/\u017byj\u0119-NIE-NA-PR\u00d3B\u0118-plakat.jpg 590w, http:\/\/www.rozalia-zagnansk.pl\/wp-content\/uploads\/2019\/03\/\u017byj\u0119-NIE-NA-PR\u00d3B\u0118-plakat-212x300.jpg 212w\" sizes=\"(max-width: 590px) 100vw, 590px\" \/><\/a><\/p>\n ","protected":false},"excerpt":{"rendered":"<p>&nbsp; Og\u0142oszenia duszpasterskie 24.03.2019 r. Jezus im odpowiedzia\u0142: \u00abCzy\u017c my\u015blicie, \u017ce ci Galilejczycy byli wi\u0119kszymi grzesznikami ni\u017c inni mieszka\u0144cy Galilei, i\u017c to [&hellip;]<\/p>\n","protected":false},"author":1,"featured_media":0,"comment_status":"closed","ping_status":"open","sticky":false,"template":"","format":"standard","meta":{"_acf_changed":false,"jetpack_post_was_ever_published":false,"_jetpack_newsletter_access":"","_jetpack_dont_email_post_to_subs":false,"_jetpack_newsletter_tier_id":0,"_jetpack_memberships_contains_paywalled_content":false,"_jetpack_memberships_contains_paid_content":false,"footnotes":"","jetpack_publicize_message":"","jetpack_publicize_feature_enabled":true,"jetpack_social_post_already_shared":true,"jetpack_social_options":{"image_generator_settings":{"template":"highway","enabled":false},"version":2}},"categories":[3],"tags":[],"class_list":["post-1372","post","type-post","status-publish","format-standard","hentry","category-ogloszenia"],"jetpack_publicize_connections":[],"acf":[],"jetpack_featured_media_url":"","jetpack_sharing_enabled":true,"jetpack_shortlink":"https:\/\/wp.me\/saz7cl-1372","_links":{"self":[{"href":"http:\/\/www.rozalia-zagnansk.pl\/index.php?rest_route=\/wp\/v2\/posts\/1372","targetHints":{"allow":["GET"]}}],"collection":[{"href":"http:\/\/www.rozalia-zagnansk.pl\/index.php?rest_route=\/wp\/v2\/posts"}],"about":[{"href":"http:\/\/www.rozalia-zagnansk.pl\/index.php?rest_route=\/wp\/v2\/types\/post"}],"author":[{"embeddable":true,"href":"http:\/\/www.rozalia-zagnansk.pl\/index.php?rest_route=\/wp\/v2\/users\/1"}],"replies":[{"embeddable":true,"href":"http:\/\/www.rozalia-zagnansk.pl\/index.php?rest_route=%2Fwp%2Fv2%2Fcomments&post=1372"}],"version-history":[{"count":8,"href":"http:\/\/www.rozalia-zagnansk.pl\/index.php?rest_route=\/wp\/v2\/posts\/1372\/revisions"}],"predecessor-version":[{"id":1398,"href":"http:\/\/www.rozalia-zagnansk.pl\/index.php?rest_route=\/wp\/v2\/posts\/1372\/revisions\/1398"}],"wp:attachment":[{"href":"http:\/\/www.rozalia-zagnansk.pl\/index.php?rest_route=%2Fwp%2Fv2%2Fmedia&parent=1372"}],"wp:term":[{"taxonomy":"category","embeddable":true,"href":"http:\/\/www.rozalia-zagnansk.pl\/index.php?rest_route=%2Fwp%2Fv2%2Fcategories&post=1372"},{"taxonomy":"post_tag","embeddable":true,"href":"http:\/\/www.rozalia-zagnansk.pl\/index.php?rest_route=%2Fwp%2Fv2%2Ftags&post=1372"}],"curies":[{"name":"wp","href":"https:\/\/api.w.org\/{rel}","templated":true}]}}