{"id":129,"date":"2016-11-26T19:28:08","date_gmt":"2016-11-26T19:28:08","guid":{"rendered":"http:\/\/www.rozalia.kielce.opoka.org.pl\/?p=129"},"modified":"2016-11-26T19:28:08","modified_gmt":"2016-11-26T19:28:08","slug":"ogloszenia-duszpasterskie-20-listopada-2016-r","status":"publish","type":"post","link":"http:\/\/www.rozalia-zagnansk.pl\/?p=129","title":{"rendered":"Og\u0142oszenia duszpasterskie \u2013 20 listopada 2016 r."},"content":{"rendered":"<p>&nbsp;<\/p>\n<ol>\n<ol>\n<li><b><span style=\"font-weight: 400;\">Prze\u017cywamy dzi\u015b Uroczysto\u015b\u0107 Chrystusa Kr\u00f3la Wszech\u015bwiata. Jak zach\u0119ca\u0142em w zesz\u0142\u0105 niedziel\u0119, dzisiaj wraz z ca\u0142ym Polskim Ko\u015bcio\u0142em dokonamy osobistego Aktu przyj\u0119cia Jezusa za Kr\u00f3la i Pana. Pami\u0105tk\u0105 tego wydarzenia b\u0119dzie okazjonalny obrazek z modlitw\u0105 do Jezusa naszego Kr\u00f3la i Pana.\u00a0<\/span><\/b>\u00a0W dniu wczorajszym ponad 50 parafian uczestniczy\u0142o w centralnej uroczysto\u015bci w Sanktuarium Bo\u017cego Mi\u0142osierdzia \u2013 B\u00f3g zap\u0142a\u0107 za wsp\u00f3ln\u0105 modlitw\u0119.<\/li>\n<li><b><span style=\"font-weight: 400;\">W tym tygodniu przypadaj\u0105 nast\u0119puj\u0105ce wspomnienia liturgiczne: <\/span><\/b>\n<ul>\n<li>w poniedzia\u0142ek: Ofiarowania Naj\u015bwi\u0119tszej Maryi Panny<\/li>\n<li>we wtorek: \u015bw. Cecylii, dziewicy i m\u0119czennicy<\/li>\n<li>w \u015brod\u0119: \u015bw. Klemesa I, papie\u017ca i m\u0119czennika<\/li>\n<li>w czwartek: \u015awi\u0119tych m\u0119czennik\u00f3w Andrzeja Dung-Lac, prezbitera\u00a0i towarzyszy<\/li>\n<\/ul>\n<\/li>\n<li><b><span style=\"font-weight: 400;\">Z tej racji, \u017ce we wtorek przypada wspomnienie \u015bw. Cecylii w intencji ch\u00f3ru i P. Paw\u0142a Organisty modli\u0107 si\u0119 b\u0119dziemy w nast\u0119pn\u0105 niedziel\u0119 o godz. 12.00. Po Mszy \u015bw. zapraszamy ch\u00f3rzyst\u00f3w i ich rodziny do Domu Parafialnego Organist\u00f3wki \u2013 Klubu Wolna Strefa.<\/span><\/b><\/li>\n<li><span style=\"font-weight: 400;\">W sobot\u0119 go\u015bci\u0107 b\u0119dziemy przedstawicieli wsp\u00f3lnot Odnowy w Duchu \u015awi\u0119tym z diecezji Kieleckiej na wsp\u00f3lnotowym podzi\u0119kowaniu za dar Roku Mi\u0142osierdzia Bo\u017cego w godzinach po\u0142udniowych w tej modlitwie b\u0119dzie uczestniczy\u0142 Ks. Biskup Ordynariusza Jan Piotrowski. Do godz. 15.00 spotkanie b\u0119dzie odbywa\u0142o si\u0119 w Domu Parafialnym. Na godz. 15.00 zapraszam na Eucharysti\u0119 sprawowan\u0105 \u00a0\u00a0w naszej \u015bwi\u0105tyni. <\/span><\/li>\n<li><span style=\"font-weight: 400;\">Za tydzie\u0144 I Niedziela Adwentu. Przypominam, \u017ce Msze \u015bw. sprawowane b\u0119d\u0105 wed\u0142ug nowego porz\u0105dku godzinowego. Pierwsza \u2013 o godz. 8.00, druga \u2013 o godz. 10.00, trzecia \u2013 o godz. 12.00 \u00a0\u00a0\u00a0\u00a0\u00a0\u00a0\u00a0\u00a0\u00a0\u00a0i czwarta- popo\u0142udniowa o godz. 16.00. Szczeg\u00f3lnie zapraszam dzieci i m\u0142odzie\u017c na godz. 10.00. Msza b\u0119dzie mia\u0142a elementy liturgii dla dzieci i b\u0119dzie po\u0142\u0105czona z b\u0142ogos\u0142awie\u0144stwem dzieci. R\u00f3wnie\u017c po tej Mszy \u015bw. b\u0119dzie spotkanie dzieci przygotowuj\u0105cych si\u0119 do \u00a0\u00a0\u00a0\u00a0\u00a0\u00a0\u00a0\u00a0\u00a0\u00a0\u00a0\u00a0I komunii \u015bw. i ich rodzic\u00f3w na spotkanie zapraszamy do Domu Parafialnego. <\/span><\/li>\n<li><span style=\"font-weight: 400;\">We wtorek, 29 listopada, go\u015bci\u0107 b\u0119dziemy w naszej parafii charyzmatycznego kap\u0142ana z Indii O. Joseph Vadakkel, g\u0142osz\u0105cego \u00a0\u00a0\u00a0\u00a0z moc\u0105 S\u0142owo Bo\u017ce. Jedna z jego my\u015bli: \u201eKiedy przyniesiesz problem do Jezusa stanie si\u0119 dla Ciebie b\u0142ogos\u0142awie\u0144stwem. Kiedy go zostawisz w sercu b\u0119dzie Ci\u0119 przygniata\u0142\u201d. Spotkanie z Ojcem Vadakkelem o godz. 17.15 w ko\u015bciele. W nast\u0119pn\u0105 niedziel\u0119 przypomn\u0119 jeszcze o tym wydarzeniu.<\/span><\/li>\n<li><span style=\"font-weight: 400;\">Wyra\u017cam rado\u015b\u0107 z otwarcia Klubu Wolna Strefa i wsp\u00f3\u0142pracy ze Szko\u0142\u0105 w Chrustach. Rado\u015bci\u0105 jest t\u0119tni\u0105cy \u017cyciem Dom Parafialny dawna Organist\u00f3wka a dzisiaj Klub dzieci\u0119co-m\u0142odzie\u017cowy prowadzony przez Stowarzyszenie Nadzieja Rodzinie w \u015bcis\u0142ej wsp\u00f3\u0142pracy z Parafi\u0105. Klub czynny codziennie od godz. 13.00 do 19.00 a w soboty od godz. 10.00 do 14.00. Opr\u00f3cz zaj\u0119\u0107 klubowych od czwartku ruszaj\u0105 systematyczne zaj\u0119cia muzyczne. Poszukujemy kolejnych instruktor\u00f3w: ta\u0144ca, sportowych, dziennikarstwa, fotografiki i innych. Dzieci bezpo\u015brednio po szkole maj\u0105 mo\u017cliwo\u015b\u0107 odrobienia lekcji pod fachowym okiem wychowawc\u00f3w. <\/span><\/li>\n<li><span style=\"font-weight: 400;\">Mam nadziej\u0119, \u017ce za tydzie\u0144 b\u0119dzie ju\u017c dost\u0119pna strona parafialna, trwaj\u0105 prace nad redakcj\u0105 strony i jej tworzenie. Zapraszam osoby ch\u0119tne do wsp\u00f3\u0142pracy.<\/span><\/li>\n<li><span style=\"font-weight: 400;\">Na pomoc Ko\u015bcio\u0142owi w Syrii zebrali\u015bmy 700 z\u0142.<\/span><\/li>\n<li><span style=\"font-weight: 400;\">Od dzisiejszej niedzieli przyjmujemy intencje mszy \u015bw. na 2017 rok. <\/span><\/li>\n<li><span style=\"font-weight: 400;\">Pierwszej grupie sprz\u0105taj\u0105cej z Chrust\u00f3w dzi\u0119kujemy za przygotowanie naszej \u015bwi\u0105tyni do dzisiejszej niedzieli. Msza \u015bw. w\u00a0intencji tej grupy sprawowana b\u0119dzie 27 listopada o godz. 8.00. Sz\u00f3sta grupa z Jaworzy zebra\u0142a kwot\u0119 125 z\u0142. W sobot\u0119, na godz. 9.00 zapraszamy kolejne dziesi\u0119\u0107 rodzin z\u00a0Chrust\u00f3w do sprz\u0105tania ko\u015bcio\u0142a.<\/span><\/li>\n<li><span style=\"font-weight: 400;\">Nadal przyjmujemy na wypominki roczne, godnym jest modli\u0107 si\u0119 za zmar\u0142ych.<\/span><\/li>\n<li><span style=\"font-weight: 400;\">Dzi\u0119kuj\u0119 tym rodzinom, kt\u00f3re sk\u0142adaj\u0105 ofiary w kopertach na potrzeby ko\u015bcio\u0142a. <\/span><\/li>\n<\/ol>\n<\/ol>\n<p>&nbsp;<\/p>\n<p>&nbsp;<\/p>\n ","protected":false},"excerpt":{"rendered":"<p>&nbsp; Prze\u017cywamy dzi\u015b Uroczysto\u015b\u0107 Chrystusa Kr\u00f3la Wszech\u015bwiata. Jak zach\u0119ca\u0142em w zesz\u0142\u0105 niedziel\u0119, dzisiaj wraz z ca\u0142ym Polskim Ko\u015bcio\u0142em dokonamy osobistego Aktu przyj\u0119cia [&hellip;]<\/p>\n","protected":false},"author":1,"featured_media":0,"comment_status":"closed","ping_status":"closed","sticky":false,"template":"","format":"standard","meta":{"_acf_changed":false,"jetpack_post_was_ever_published":false,"_jetpack_newsletter_access":"","_jetpack_dont_email_post_to_subs":false,"_jetpack_newsletter_tier_id":0,"_jetpack_memberships_contains_paywalled_content":false,"_jetpack_memberships_contains_paid_content":false,"footnotes":"","jetpack_publicize_message":"","jetpack_publicize_feature_enabled":true,"jetpack_social_post_already_shared":false,"jetpack_social_options":{"image_generator_settings":{"template":"highway","enabled":false},"version":2}},"categories":[3],"tags":[],"class_list":["post-129","post","type-post","status-publish","format-standard","hentry","category-ogloszenia"],"jetpack_publicize_connections":[],"acf":[],"jetpack_featured_media_url":"","jetpack_sharing_enabled":true,"jetpack_shortlink":"https:\/\/wp.me\/paz7cl-25","_links":{"self":[{"href":"http:\/\/www.rozalia-zagnansk.pl\/index.php?rest_route=\/wp\/v2\/posts\/129","targetHints":{"allow":["GET"]}}],"collection":[{"href":"http:\/\/www.rozalia-zagnansk.pl\/index.php?rest_route=\/wp\/v2\/posts"}],"about":[{"href":"http:\/\/www.rozalia-zagnansk.pl\/index.php?rest_route=\/wp\/v2\/types\/post"}],"author":[{"embeddable":true,"href":"http:\/\/www.rozalia-zagnansk.pl\/index.php?rest_route=\/wp\/v2\/users\/1"}],"replies":[{"embeddable":true,"href":"http:\/\/www.rozalia-zagnansk.pl\/index.php?rest_route=%2Fwp%2Fv2%2Fcomments&post=129"}],"version-history":[{"count":1,"href":"http:\/\/www.rozalia-zagnansk.pl\/index.php?rest_route=\/wp\/v2\/posts\/129\/revisions"}],"predecessor-version":[{"id":130,"href":"http:\/\/www.rozalia-zagnansk.pl\/index.php?rest_route=\/wp\/v2\/posts\/129\/revisions\/130"}],"wp:attachment":[{"href":"http:\/\/www.rozalia-zagnansk.pl\/index.php?rest_route=%2Fwp%2Fv2%2Fmedia&parent=129"}],"wp:term":[{"taxonomy":"category","embeddable":true,"href":"http:\/\/www.rozalia-zagnansk.pl\/index.php?rest_route=%2Fwp%2Fv2%2Fcategories&post=129"},{"taxonomy":"post_tag","embeddable":true,"href":"http:\/\/www.rozalia-zagnansk.pl\/index.php?rest_route=%2Fwp%2Fv2%2Ftags&post=129"}],"curies":[{"name":"wp","href":"https:\/\/api.w.org\/{rel}","templated":true}]}}