{"id":1253,"date":"2018-12-23T00:59:17","date_gmt":"2018-12-23T00:59:17","guid":{"rendered":"http:\/\/www.rozalia-zagnansk.pl\/?p=1253"},"modified":"2018-12-23T00:59:17","modified_gmt":"2018-12-23T00:59:17","slug":"ogloszenia-duszpasterskie-23-12-2018-r","status":"publish","type":"post","link":"http:\/\/www.rozalia-zagnansk.pl\/?p=1253","title":{"rendered":"Og\u0142oszenia duszpasterskie 23.12.2018 r."},"content":{"rendered":"<p style=\"text-align: center;\"><strong>Og\u0142oszenia duszpasterskie 23.12.2018 r.<\/strong><\/p>\n<p>Prze\u017cywamy dzisiaj IV Niedziel\u0119 Adwentu a na progu stoi Bo\u017ce Dzieci\u0119. Siadaj\u0105c do wigilijnego sto\u0142u sprawmy, by tradycyjne miejsce dla sp\u00f3\u017anionego w\u0119drowca, zaj\u0105\u0142 cz\u0142owiek, kt\u00f3ry jest od nas oddalony z r\u00f3\u017cnych powod\u00f3w: konfliktu, k\u0142\u00f3tni, uzale\u017cnienia, zdrady, niezgody s\u0105siedzkiej i innych krzywd, kt\u00f3rych doznali\u015bmy lub byli\u015bmy sprawcami. Zapro\u015bmy go nade wszystko decyzj\u0105 \u017cycia w pokoju i pojednaniu. Z Ducha \u015awi\u0119tego narodzi\u0142 si\u0119 Jezus, z Ducha \u015awi\u0119tego rodzi si\u0119 mi\u0142o\u015b\u0107. Wo\u0142ajmy zatem o Jego moc pojednania i wzajemnej mi\u0142o\u015bci.<\/p>\n<p>W poniedzia\u0142ek <strong>Wigilia Bo\u017cego Narodzenia<\/strong>, przypominam \u017ce w naszej Ojczy\u017anie biskupi napisali: \u201ezach\u0119camy, zgodnie z postanowieniem II Polskiego Synodu Plenarnego, do zachowania wstrzemi\u0119\u017aliwo\u015bci od pokarm\u00f3w mi\u0119snych w wigili\u0119 Bo\u017cego Narodzenia, ze wzgl\u0119du na wyj\u0105tkowy charakter tego dnia w Polsce. Przypominamy te\u017c, \u017ce wstrzemi\u0119\u017aliwo\u015b\u0107 od pokarm\u00f3w mi\u0119snych obowi\u0105zuje wszystkich, kt\u00f3rzy uko\u0144czyli 14. rok \u017cycia\u201d\u00a0<strong>Pasterka o p\u00f3\u0142nocy<\/strong>.<\/p>\n<p>Msze \u015bw. w <strong>Bo\u017ce Narodzenie<\/strong> tak jak w niedziele o godz. <strong>8<sup>00<\/sup><\/strong>, <strong>10<sup>00<\/sup><\/strong>, <strong>12<sup>00<\/sup><\/strong>, <strong>16<sup>00<\/sup><\/strong>.<\/p>\n<p><strong>Drugi dzie\u0144 \u015bwi\u0105t<\/strong> Bo\u017cego Narodzenia r\u00f3wnie\u017c porz\u0105dek niedzielny mszy \u015bw. o godz. <strong>8<sup>00<\/sup><\/strong>, <sup>\u00a0<\/sup><strong>10<sup>00<\/sup><\/strong>, <strong>12<sup>00<\/sup><\/strong>, <strong>16<sup>00<\/sup><\/strong>. Tac\u0119 zbieramy na Katolicki Uniwersytet Lubelski.<\/p>\n<p>Harcerze z naszej szko\u0142y przynie\u015bli Betlejemskie \u015bwiat\u0142o pokoju. Prosz\u0119 zabra\u0107 to \u015bwiat\u0142o na Wasz wigilijny st\u00f3\u0142. W zakrystii s\u0105 po\u015bwi\u0119cone op\u0142atki na st\u00f3\u0142 wigilijny.<\/p>\n<p>Dzi\u0119kuj\u0119 Rodzinom I ( ofiara 270 z\u0142. ) i II\u00a0 gr. ( ofiara 240 z\u0142. ) z Jaworzy za trosk\u0119\u00a0 \u00a0\u00a0\u00a0\u00a0\u00a0\u00a0\u00a0\u00a0\u00a0\u00a0\u00a0\u00a0\u00a0\u00a0\u00a0o ko\u015bci\u00f3\u0142. Msza \u015bw. za Was, w \u015brod\u0119 02.01.19 w M.B.N.P. <strong>o godz. 17<sup>00<\/sup><\/strong>. W sobot\u0119 prosz\u0119 III grup\u0119\u00a0 z Jaworzy o<strong> godz. 09<sup>00<\/sup>.\u00a0 <\/strong><\/p>\n<p>B\u00f3g zap\u0142a\u0107 za Wasz dar \u017cywno\u015bci \u015bwi\u0105tecznej oraz zebranej przez dzieci\u00a0 i m\u0142odzie\u017c z Wolnej Strefy w sklepach i ofiary za op\u0142atki. Przygotowali\u015bmy ponad 40 bogatych paczek i sprawili\u015bmy rado\u015b\u0107 w ponad 40 domach. B\u00f3g zap\u0142a\u0107 Wsp\u00f3lnocie Odnowy w Duchu \u015awi\u0119tym i Rycerzom Kolumba.<\/p>\n<p>Prosz\u0119 Was serdecznie rozejrzyjcie si\u0119 wok\u00f3\u0142, czy nie ma obok os\u00f3b samotnych i zapro\u015bcie takie osoby na Wieczerze Wigilijn\u0105.<\/p>\n<p>Dzi\u0119kuj\u0119 Jaworzankom za pi\u0119kn\u0105 Szopk\u0119 Bo\u017conarodzeniow\u0105. Nadle\u015bnictwu Zagna\u0144sk za dar choinek. Panom Rafa\u0142owi, Sebastianowi i Robertowi. M\u0142odzie\u017cy do bierzmowania i Wolnej Strefie za pomoc w ubieraniu choinek.<\/p>\n<p>Od pi\u0105tku rozpoczynamy wizyt\u0119 duszpastersk\u0105. W miar\u0119 mo\u017cliwo\u015bci prosimy o obecno\u015b\u0107 wszystkich cz\u0142onk\u00f3w rodziny. Przypominamy, \u017ce na stole powinien znajdowa\u0107 si\u0119 krzy\u017c, kropid\u0142o i woda \u015bwi\u0119cona, Pismo \u015awi\u0119te i \u015bwiece. Dzieci i m\u0142odzie\u017c szkolna niech przygotuj\u0105 zeszyty do religii. Prosimy tak\u017ce parafian, je\u015bli to mo\u017cliwe, o oczekiwanie na ksi\u0119dza przed domem. A je\u015bli nie, to przynajmniej o otwarcie furtki na podw\u00f3rko.<\/p>\n<p><strong>28.12<\/strong> godz. <strong>10.<sup>00<\/sup><\/strong> pi\u0105tek \u00a0\u2013 \u015aci\u0119gna <strong>1<\/strong> ksi\u0105dz od nr. 2; <strong>2<\/strong> ksi\u0105dz od nr. 40.<\/p>\n<p><strong>29.12<\/strong> godz. <strong>10.<sup>00<\/sup><\/strong> sobota \u2013 \u015aci\u0119gna <strong>1<\/strong> ksi\u0105dz od nr. 42; <strong>2<\/strong> ksi\u0105dz od nr. 80.<\/p>\n<p>W nast\u0119pn\u0105 niedziel\u0119, b\u0119dziemy czci\u0107 \u015awi\u0119t\u0105 Rodzin\u0119 Jezusa, Maryi i J\u00f3zefa. Podsumuj\u0119 roczn\u0105 dzia\u0142alno\u015bci duszpastersk\u0105 i ekonomiczn\u0105.<\/p>\n<p><a href=\"http:\/\/www.rozalia-zagnansk.pl\/wp-content\/uploads\/2018\/12\/Niedzielnik-2018.12.23.pdf\">Niedzielnik 2018.12.23<\/a><\/p>\n ","protected":false},"excerpt":{"rendered":"<p>Og\u0142oszenia duszpasterskie 23.12.2018 r. Prze\u017cywamy dzisiaj IV Niedziel\u0119 Adwentu a na progu stoi Bo\u017ce Dzieci\u0119. Siadaj\u0105c do wigilijnego sto\u0142u sprawmy, by tradycyjne [&hellip;]<\/p>\n","protected":false},"author":1,"featured_media":0,"comment_status":"closed","ping_status":"open","sticky":false,"template":"","format":"standard","meta":{"_acf_changed":false,"jetpack_post_was_ever_published":false,"_jetpack_newsletter_access":"","_jetpack_dont_email_post_to_subs":false,"_jetpack_newsletter_tier_id":0,"_jetpack_memberships_contains_paywalled_content":false,"_jetpack_memberships_contains_paid_content":false,"footnotes":"","jetpack_publicize_message":"","jetpack_publicize_feature_enabled":true,"jetpack_social_post_already_shared":false,"jetpack_social_options":{"image_generator_settings":{"template":"highway","enabled":false},"version":2}},"categories":[3],"tags":[],"class_list":["post-1253","post","type-post","status-publish","format-standard","hentry","category-ogloszenia"],"jetpack_publicize_connections":[],"acf":[],"jetpack_featured_media_url":"","jetpack_sharing_enabled":true,"jetpack_shortlink":"https:\/\/wp.me\/paz7cl-kd","_links":{"self":[{"href":"http:\/\/www.rozalia-zagnansk.pl\/index.php?rest_route=\/wp\/v2\/posts\/1253","targetHints":{"allow":["GET"]}}],"collection":[{"href":"http:\/\/www.rozalia-zagnansk.pl\/index.php?rest_route=\/wp\/v2\/posts"}],"about":[{"href":"http:\/\/www.rozalia-zagnansk.pl\/index.php?rest_route=\/wp\/v2\/types\/post"}],"author":[{"embeddable":true,"href":"http:\/\/www.rozalia-zagnansk.pl\/index.php?rest_route=\/wp\/v2\/users\/1"}],"replies":[{"embeddable":true,"href":"http:\/\/www.rozalia-zagnansk.pl\/index.php?rest_route=%2Fwp%2Fv2%2Fcomments&post=1253"}],"version-history":[{"count":1,"href":"http:\/\/www.rozalia-zagnansk.pl\/index.php?rest_route=\/wp\/v2\/posts\/1253\/revisions"}],"predecessor-version":[{"id":1255,"href":"http:\/\/www.rozalia-zagnansk.pl\/index.php?rest_route=\/wp\/v2\/posts\/1253\/revisions\/1255"}],"wp:attachment":[{"href":"http:\/\/www.rozalia-zagnansk.pl\/index.php?rest_route=%2Fwp%2Fv2%2Fmedia&parent=1253"}],"wp:term":[{"taxonomy":"category","embeddable":true,"href":"http:\/\/www.rozalia-zagnansk.pl\/index.php?rest_route=%2Fwp%2Fv2%2Fcategories&post=1253"},{"taxonomy":"post_tag","embeddable":true,"href":"http:\/\/www.rozalia-zagnansk.pl\/index.php?rest_route=%2Fwp%2Fv2%2Ftags&post=1253"}],"curies":[{"name":"wp","href":"https:\/\/api.w.org\/{rel}","templated":true}]}}