{"id":1238,"date":"2018-12-01T23:26:44","date_gmt":"2018-12-01T23:26:44","guid":{"rendered":"http:\/\/www.rozalia-zagnansk.pl\/?p=1238"},"modified":"2018-12-01T23:27:37","modified_gmt":"2018-12-01T23:27:37","slug":"ogloszenia-duszpasterskie-02-12-2018-r","status":"publish","type":"post","link":"http:\/\/www.rozalia-zagnansk.pl\/?p=1238","title":{"rendered":"Og\u0142oszenia duszpasterskie 02.12.2018 r."},"content":{"rendered":"<p style=\"text-align: center;\"><strong>Og\u0142oszenia duszpasterskie 02.12.2018 r. <\/strong><\/p>\n<p>Oto nadchodz\u0105 dni, kiedy wype\u0142ni\u0119 pomy\u015bln\u0105 zapowied\u017a, jak\u0105 obwie\u015bci\u0142em domowi izraelskiemu i domowi judzkiemu. Czas Adwentu, kt\u00f3ry dzisiaj rozpoczynamy pragnie nas wprowadzi\u0107 w t\u0105 bli\u017csz\u0105 perspektyw\u0119 przyj\u015bcia Emanuela \u2013 Ksi\u0119cia Pokoju a zarazem uzmys\u0142owi\u0107 nam nieuchronno\u015b\u0107 ostatecznego przyj\u015bcia Pana. To si\u0119 musi wydarzy\u0107. Zaproszeni jeste\u015bmy, aby\u015bmy nie jak ludzie l\u0119ku ale zaufania Panu, z ufno\u015bci\u0105 oczekiwali Jego przyj\u015bcia. Wtedy ujrz\u0105 Syna Cz\u0142owieczego, nadchodz\u0105cego w ob\u0142oku z moc\u0105 i wielk\u0105 chwa\u0142\u0105 a gdy si\u0119 to dzia\u0107 zacznie, nabierzcie ducha i podnie\u015bcie g\u0142owy, poniewa\u017c zbli\u017ca si\u0119 wasze odkupienie. To jest rado\u015b\u0107 do kt\u00f3rej jeste\u015b zaproszony, a ona b\u0119dzie w\u00a0 tobie si\u0119 rozwija\u0107 poprzez codzienny dar mi\u0142o\u015bci.<\/p>\n<p>Rozpoczynamy Adwentow\u0105 modlitw\u0119 liturgiczn\u0105 \u2013 Roraty. B\u0119d\u0105 one codziennie o godz. <strong>7<sup>00<\/sup><\/strong>. Zach\u0119cam do udzia\u0142u Was drodzy, dzieci i m\u0142odzie\u017c. Dla dzieci b\u0119dzie konkurs uczestnictwa z nagrodami. Pom\u00f3\u017ccie Waszym pociechom prze\u017cy\u0107, ten pi\u0119kny czas oczekiwania. Roraty b\u0119d\u0105 si\u0119 ko\u0144czy\u0142y o <strong>7<sup>30<\/sup><\/strong> tak\u017ce spokojnie si\u0119 zd\u0105\u017cy do szko\u0142y.<\/p>\n<p>Po niespe\u0142na 25 latach pos\u0142ugi ko\u015bcielnego odszed\u0142 p. Zygmunt Ch\u0142opek, dzi\u0119kuj\u0119 za te lata pos\u0142ugi, sam jestem niezmiernie wdzi\u0119czny za dwa ostatnie lata, gdy po przyj\u015bciu do parafii, p. Zygmunt z\u0142o\u017cy\u0142 rezygnacj\u0119 ale na moj\u0105 pro\u015bb\u0119 pozosta\u0142 aby mnie wprowadzi\u0107 w do\u015bwiadczenie naszej parafii. B\u00f3g zap\u0142a\u0107. Funkcje ko\u015bcielnego przyj\u0105\u0142 p. Sebastian Haba. Prosz\u0119 o modlitw\u0119 za p. Zygmunta i p. Sebastiana.<\/p>\n<p>B\u00f3g zap\u0142a\u0107 za dar modlitwy o powo\u0142ania i za nasze Seminarium Duchowne. Przekazali\u015bmy kwot\u0119 2708,44 z\u0142.<\/p>\n<p>Przypominam \u017ce przed ko\u015bcio\u0142em jest zbi\u00f3rka na chorego na limfatyczn\u0105 bia\u0142aczk\u0119 6 letniego Jakuba Pasterczyka, mieszka\u0144ca Gruszki.<\/p>\n<p>W \u015brod\u0119 zapraszam na nabo\u017ce\u0144stwo do M.B.N.P.<\/p>\n<p>Od tej niedzieli mo\u017cna nabywa\u0107 w zakrystii, po\u015bwi\u0119cone op\u0142atki na st\u00f3\u0142 wigilijny \u2013 doch\u00f3d b\u0119dzie przeznaczony na \u015bwi\u0105teczn\u0105 pomoc najubo\u017cszym.<\/p>\n<p>Kandydat\u00f3w do bierzmowania i ich Rodzic\u00f3w zapraszam w pi\u0105tek po mszy \u015bw. o godz. <strong>17<sup>00<\/sup>.<\/strong><\/p>\n<p>W tym tygodniu I pi\u0105tek miesi\u0105ca, spowied\u017a od godz. <strong>16<sup>15<\/sup><\/strong>. Prosz\u0119 przyj\u015b\u0107 wcze\u015bniej, b\u0119dzie spowiada\u0142 jeden kap\u0142an. Przypominam, \u017ce spowied\u017a adwentowa b\u0119dzie 19 grudnia. Kap\u0142an odwiedzi chorych przed \u015bwi\u0119tami.<\/p>\n<p>Dzi\u0119kuj\u0119 Rodzinom I gr. z ul Turystycznej za trosk\u0119 o ko\u015bci\u00f3\u0142 i ofiar\u0119 180 z\u0142. na ko\u015bci\u00f3\u0142. Msza \u015bw. za Was, w \u015brod\u0119 w M.B.N.P. o godz. <strong>17<sup>00<\/sup><\/strong>\u00a0 Zapraszam w sobot\u0119\u00a0 II grup\u0119 z ul. Turystycznej po godz. <strong>9<sup>00<\/sup><\/strong>.<\/p>\n<p>Prosz\u0119 o dyskretn\u0105 podpowied\u017a, do kogo powinna trafi\u0107 \u015bwi\u0105teczna pomoc. Mo\u017cna ju\u017c sk\u0142ada\u0107 \u017cywno\u015b\u0107 d\u0142ugoterminow\u0105, aby Rycerze Kolumba mogli j\u0105 dostarczy\u0107 na pocz\u0105tku drugiej po\u0142owy grudnia.<\/p>\n<p><a href=\"http:\/\/www.rozalia-zagnansk.pl\/wp-content\/uploads\/2018\/12\/Niedzielnik-2018.12.02.pdf\">Niedzielnik 2018.12.02<\/a><\/p>\n ","protected":false},"excerpt":{"rendered":"<p>Og\u0142oszenia duszpasterskie 02.12.2018 r. Oto nadchodz\u0105 dni, kiedy wype\u0142ni\u0119 pomy\u015bln\u0105 zapowied\u017a, jak\u0105 obwie\u015bci\u0142em domowi izraelskiemu i domowi judzkiemu. Czas Adwentu, kt\u00f3ry dzisiaj [&hellip;]<\/p>\n","protected":false},"author":1,"featured_media":0,"comment_status":"closed","ping_status":"open","sticky":false,"template":"","format":"standard","meta":{"_acf_changed":false,"jetpack_post_was_ever_published":false,"_jetpack_newsletter_access":"","_jetpack_dont_email_post_to_subs":false,"_jetpack_newsletter_tier_id":0,"_jetpack_memberships_contains_paywalled_content":false,"_jetpack_memberships_contains_paid_content":false,"footnotes":"","jetpack_publicize_message":"","jetpack_publicize_feature_enabled":true,"jetpack_social_post_already_shared":false,"jetpack_social_options":{"image_generator_settings":{"template":"highway","enabled":false},"version":2}},"categories":[3],"tags":[],"class_list":["post-1238","post","type-post","status-publish","format-standard","hentry","category-ogloszenia"],"jetpack_publicize_connections":[],"acf":[],"jetpack_featured_media_url":"","jetpack_sharing_enabled":true,"jetpack_shortlink":"https:\/\/wp.me\/paz7cl-jY","_links":{"self":[{"href":"http:\/\/www.rozalia-zagnansk.pl\/index.php?rest_route=\/wp\/v2\/posts\/1238","targetHints":{"allow":["GET"]}}],"collection":[{"href":"http:\/\/www.rozalia-zagnansk.pl\/index.php?rest_route=\/wp\/v2\/posts"}],"about":[{"href":"http:\/\/www.rozalia-zagnansk.pl\/index.php?rest_route=\/wp\/v2\/types\/post"}],"author":[{"embeddable":true,"href":"http:\/\/www.rozalia-zagnansk.pl\/index.php?rest_route=\/wp\/v2\/users\/1"}],"replies":[{"embeddable":true,"href":"http:\/\/www.rozalia-zagnansk.pl\/index.php?rest_route=%2Fwp%2Fv2%2Fcomments&post=1238"}],"version-history":[{"count":2,"href":"http:\/\/www.rozalia-zagnansk.pl\/index.php?rest_route=\/wp\/v2\/posts\/1238\/revisions"}],"predecessor-version":[{"id":1241,"href":"http:\/\/www.rozalia-zagnansk.pl\/index.php?rest_route=\/wp\/v2\/posts\/1238\/revisions\/1241"}],"wp:attachment":[{"href":"http:\/\/www.rozalia-zagnansk.pl\/index.php?rest_route=%2Fwp%2Fv2%2Fmedia&parent=1238"}],"wp:term":[{"taxonomy":"category","embeddable":true,"href":"http:\/\/www.rozalia-zagnansk.pl\/index.php?rest_route=%2Fwp%2Fv2%2Fcategories&post=1238"},{"taxonomy":"post_tag","embeddable":true,"href":"http:\/\/www.rozalia-zagnansk.pl\/index.php?rest_route=%2Fwp%2Fv2%2Ftags&post=1238"}],"curies":[{"name":"wp","href":"https:\/\/api.w.org\/{rel}","templated":true}]}}