{"id":123,"date":"2016-11-26T19:15:07","date_gmt":"2016-11-26T19:15:07","guid":{"rendered":"http:\/\/www.rozalia.kielce.opoka.org.pl\/?p=123"},"modified":"2016-12-19T19:22:06","modified_gmt":"2016-12-19T19:22:06","slug":"swiety-marcin-z-tours","status":"publish","type":"post","link":"http:\/\/www.rozalia-zagnansk.pl\/?p=123","title":{"rendered":"\u015awi\u0119ty Marcin z Tours"},"content":{"rendered":"<p>Marcin urodzi\u0142 si\u0119 w 316r. w Sabarii na terenie dzisiejszych W\u0119gier jako syn rzymskiego trybuna wojskowego. Uczy\u0142 si\u0119 we W\u0142oszech, w Ticinum (dzi\u015b &#8211; Pawia). Maj\u0105c 15 lat, wst\u0105pi\u0142 do armii Konstancjusza II.<br \/>\n\u017bebrakowi prosz\u0105cemu o ja\u0142mu\u017cn\u0119 u bram miasta, odda\u0142 po\u0142ow\u0119 swej opo\u0144czy. Nast\u0119pnej nocy ukaza\u0142 mu si\u0119 Chrystus odziany w ten p\u0142aszcz i m\u00f3wi\u0105cy do anio\u0142\u00f3w: \u201eTo Marcin okry\u0142 mnie swoim p\u0142aszczem\u201d.<br \/>\nPod wp\u0142ywem tego wydarzenia przyj\u0105\u0142 chrzest i opu\u015bci\u0142 wojsko, uwa\u017caj\u0105c, \u017ce wojowanie k\u0142\u00f3ci si\u0119 z zasadami wiary. Mia\u0142 wtedy 18 lat. Odwiedzi\u0142 swoich rodzic\u00f3w, kt\u00f3rzy pod Jego wp\u0142ywem przyj\u0119li wiar\u0119 chrze\u015bcija\u0144sk\u0105. Nast\u0119pnie uda\u0142 si\u0119 do \u015bw. Hilarego, biskupa Poitiers, staj\u0105c si\u0119 jego uczniem. Po pewnym czasie osiad\u0142 jako pustelnik na wysepce Gallinaria w pobli\u017cu Genui, gromadz\u0105c wok\u00f3\u0142 siebie wielu uczni\u00f3w. W 361 r. za\u0142o\u017cy\u0142 pierwszy klasztor w Galii &#8211; w Liguge. Dziesi\u0119\u0107 lat p\u00f3\u017aniej, mimo Jego protest\u00f3w, lud wybra\u0142 go biskupem Tours. \u015aw. Marcin jako pasterz diecezji prowadzi\u0142 nadal surowe \u017cycie mnisze, budz\u0105c sprzeciw okolicznych biskup\u00f3w. Klasztory, kt\u00f3re zak\u0142ada\u0142, \u0142\u0105czy\u0142y koncepcj\u0119 \u017cycia mniszego z prac\u0105 misyjn\u0105. Sam odby\u0142 wiele wypraw misyjnych.<br \/>\nZmar\u0142 8 listopada 397 r. w Candes podczas podr\u00f3\u017cy duszpasterskiej. Jego cia\u0142o sprowadzono do Tours i pochowano 11 listopada. Jako pierwszy wyznawca \u2013 nie m\u0119czennik &#8211; zacz\u0105\u0142 odbiera\u0107 cze\u015b\u0107 \u015bwi\u0119tego w Ko\u015bciele Zachodnim. Relikwie spoczywaj\u0105 w bazylice wzniesionej ku czci \u015awi\u0119tego. Jest patronem Francji, kr\u00f3lewskiego rodu Merowing\u00f3w, dzieci, hotelarzy, je\u017ad\u017ac\u00f3w, kawalerii, kapelusznik\u00f3w, kowali, krawc\u00f3w, m\u0142ynarzy, tkaczy, podr\u00f3\u017cnik\u00f3w, wi\u0119\u017ani\u00f3w, w\u0142a\u015bcicieli winnic, \u017cebrak\u00f3w i \u017co\u0142nierzy.<br \/>\nW Polsce \u015bw. Marcin nale\u017ca\u0142 do najbardziej popularnych \u015bwi\u0119tych. Julian Krzy\u017canowski przytacza 44 przys\u0142owia ludowe, zwi\u0105zane z imieniem i doroczn\u0105 pami\u0105tk\u0105 \u015awi\u0119tego. Oto niekt\u00f3re z nich: \u201eJaki Marcin, taka zima\u201d, \u201eJe\u015bli na Marcina sucho, to Gody (Bo\u017ce Narodzenie) z pluch\u0105\u201d, \u201e\u015aw. Marcin jedzie na bia\u0142ym koniu\u201d, \u201eGdy Marcinowa g\u0119\u015b po wodzie, Bo\u017ce Narodzenie po lodzie\u201d (bowiem na \u015bw. Marcina spo\u017cywano ostatni raz g\u0119sie mi\u0119so).<br \/>\nIkonografia podkre\u015bla najcz\u0119\u015bciej cnot\u0119 mi\u0142osierdzia \u015bw. Marcina, przedstawiaj\u0105c go w momencie, gdy oddaje biednemu po\u0142ow\u0119 swojego p\u0142aszcza. (Przedstawione informacje pochodz\u0105 z \u017cywot\u00f3w \u015awi\u0119tego)<\/p>\n<p><strong>O\u0142tarz \u015aw. Marcina<\/strong><br \/>\nO\u0142tarz zosta\u0142 wykonany z drewna w II po\u0142owie XVII w. w stylu p\u00f3\u017anobarokowym przez nieznanego autora; znajduje si\u0119 przy p\u00f3\u0142nocnej \u015bcianie starej cz\u0119\u015bci ko\u015bcio\u0142a.<br \/>\nW centrum umieszczony jest obraz, przedstawiaj\u0105cy \u015bw. Marcina w szatach pontyfikalnych i mitrze w otoczeniu anio\u0142\u00f3w. Namalowany zosta\u0142 farbami olejnymi na p\u0142\u00f3tnie w stylu barokowym przez nieznanego autora. Nad obrazem umieszczony jest kartusz z napisem: \u201eSt. Martine ora pro nobis\u201d (\u201e\u015awi\u0119ty Marcinie m\u00f3dl si\u0119 za nami\u201d).<br \/>\nG\u00f3rna cz\u0119\u015b\u0107 o\u0142tarza posiada zwie\u0144czenie w formie dekoracji, ukazuj\u0105cej oko Opatrzno\u015bci w promienistej glorii i ob\u0142okach, zako\u0144czone poz\u0142acanym ornamentem oraz dwoma dekoracyjnymi wazonami, stoj\u0105cymi na gzymsie pilastr\u00f3w.<br \/>\nDolna cz\u0119\u015b\u0107 o\u0142tarza (antepedium) wykonana zosta\u0142a z drewna sosnowego, polichromowana i ozdobiona krzy\u017cem malta\u0144skim oraz poz\u0142acanym ornamentem listwowym. Ca\u0142o\u015b\u0107 bry\u0142y o\u0142tarza pokryta jest zielonym kolorem.<\/p>\n<p>Opracowa\u0142: Roman Piskulak<\/p>\n ","protected":false},"excerpt":{"rendered":"<p>Marcin urodzi\u0142 si\u0119 w 316r. w Sabarii na terenie dzisiejszych W\u0119gier jako syn rzymskiego trybuna wojskowego. Uczy\u0142 si\u0119 we W\u0142oszech, w Ticinum [&hellip;]<\/p>\n","protected":false},"author":1,"featured_media":0,"comment_status":"closed","ping_status":"closed","sticky":false,"template":"","format":"standard","meta":{"_acf_changed":false,"jetpack_post_was_ever_published":false,"_jetpack_newsletter_access":"","_jetpack_dont_email_post_to_subs":false,"_jetpack_newsletter_tier_id":0,"_jetpack_memberships_contains_paywalled_content":false,"_jetpack_memberships_contains_paid_content":false,"footnotes":"","jetpack_publicize_message":"","jetpack_publicize_feature_enabled":true,"jetpack_social_post_already_shared":false,"jetpack_social_options":{"image_generator_settings":{"template":"highway","enabled":false},"version":2}},"categories":[6],"tags":[],"class_list":["post-123","post","type-post","status-publish","format-standard","hentry","category-patronowie"],"jetpack_publicize_connections":[],"acf":[],"jetpack_featured_media_url":"","jetpack_sharing_enabled":true,"jetpack_shortlink":"https:\/\/wp.me\/paz7cl-1Z","_links":{"self":[{"href":"http:\/\/www.rozalia-zagnansk.pl\/index.php?rest_route=\/wp\/v2\/posts\/123","targetHints":{"allow":["GET"]}}],"collection":[{"href":"http:\/\/www.rozalia-zagnansk.pl\/index.php?rest_route=\/wp\/v2\/posts"}],"about":[{"href":"http:\/\/www.rozalia-zagnansk.pl\/index.php?rest_route=\/wp\/v2\/types\/post"}],"author":[{"embeddable":true,"href":"http:\/\/www.rozalia-zagnansk.pl\/index.php?rest_route=\/wp\/v2\/users\/1"}],"replies":[{"embeddable":true,"href":"http:\/\/www.rozalia-zagnansk.pl\/index.php?rest_route=%2Fwp%2Fv2%2Fcomments&post=123"}],"version-history":[{"count":4,"href":"http:\/\/www.rozalia-zagnansk.pl\/index.php?rest_route=\/wp\/v2\/posts\/123\/revisions"}],"predecessor-version":[{"id":198,"href":"http:\/\/www.rozalia-zagnansk.pl\/index.php?rest_route=\/wp\/v2\/posts\/123\/revisions\/198"}],"wp:attachment":[{"href":"http:\/\/www.rozalia-zagnansk.pl\/index.php?rest_route=%2Fwp%2Fv2%2Fmedia&parent=123"}],"wp:term":[{"taxonomy":"category","embeddable":true,"href":"http:\/\/www.rozalia-zagnansk.pl\/index.php?rest_route=%2Fwp%2Fv2%2Fcategories&post=123"},{"taxonomy":"post_tag","embeddable":true,"href":"http:\/\/www.rozalia-zagnansk.pl\/index.php?rest_route=%2Fwp%2Fv2%2Ftags&post=123"}],"curies":[{"name":"wp","href":"https:\/\/api.w.org\/{rel}","templated":true}]}}