{"id":121,"date":"2016-11-26T19:11:25","date_gmt":"2016-11-26T19:11:25","guid":{"rendered":"http:\/\/www.rozalia.kielce.opoka.org.pl\/?p=121"},"modified":"2016-11-26T19:15:28","modified_gmt":"2016-11-26T19:15:28","slug":"swieta-rozalia","status":"publish","type":"post","link":"http:\/\/www.rozalia-zagnansk.pl\/?p=121","title":{"rendered":"\u015awi\u0119ta Rozalia"},"content":{"rendered":"<p>4 wrze\u015bnia to dzie\u0144 naszej Patronki \u015bw. Rozalii (nazywanej tak\u017ce Ma\u0142\u0105 \u015awi\u0119t\u0105 \u2014 la Santuzza) &#8211; potomkini Karola Wielkiego, kt\u00f3ra porzuci\u0142a \u017cycie dworskie i mieszka\u0142a<br \/>\nw g\u00f3rskiej jaskini.<br \/>\nWed\u0142ug starej opowie\u015bci urodzi\u0142a si\u0119 w zamku Olivella w sycylijskim Palermo oko\u0142o 1130 roku, jako c\u00f3rka ksi\u0119cia Sinibalda, s\u0142u\u017c\u0105cego kr\u00f3lowi Norman\u00f3w &#8211; Rogerowi II. Przed urodzeniem dziecka matka otrzyma\u0142a we \u015bnie nakaz z nieba, aby nada\u0142a c\u00f3rce imi\u0119 Rozalia, b\u0119dzie ona bowiem najpi\u0119kniejszym kwiatem rodu i wyspy. Mia\u0142 to by\u0107 r\u00f3wnie\u017c proroczy symbol \u017cycia pokutnego (kolce r\u00f3\u017cy) i niewinno\u015bci (biel lilii).<br \/>\nMaj\u0105c czterna\u015bcie lat, gdy rodzice pr\u00f3bowali j\u0105 przekona\u0107 do ma\u0142\u017ce\u0144stwa<br \/>\nz kandydatem z kr\u00f3lewskiego rodu, opu\u015bci\u0142a pa\u0142ac i zamieszka\u0142a w grocie nieopodal Palermo. Jako pustelnica, w \u015bcis\u0142ej \u0142\u0105czno\u015bci z Bogiem, prowadzi\u0142a \u017cycie pe\u0142ne modlitwy, pokuty<br \/>\ni wyrzecze\u0144. Po pewnym czasie zmieni\u0142a miejsce pobytu, przenosz\u0105c si\u0119 w okolice Monte Pellegrino. Nieprzyzwyczajona do surowego \u017cycia zmar\u0142a m\u0142odo, prawdopodobnie 4 wrze\u015bnia 1160 r. (inne \u017ar\u00f3d\u0142a podaj\u0105 rok 1165).<\/p>\n<p>Kult \u015bw. Rozalii<br \/>\nWed\u0142ug poda\u0144 z okolic Palermo kult Rozalii powsta\u0142 do\u015b\u0107 wcze\u015bnie, jednak rozwin\u0105\u0142 si\u0119 dopiero w XVII wieku. 15 lipca 1624 roku odkryto w jednej z grot szcz\u0105tki \u015bw. Rozalii<br \/>\ni uroczy\u015bcie przeniesiono do katedry w Palermo. Jak podaj\u0105 \u017cywoty \u015bwi\u0119tej, cia\u0142o Jej zosta\u0142o w naturalny spos\u00f3b zmumifikowane przez krople wody, kapi\u0105ce ze sklepienia jaskini.<br \/>\nWoda, \u015bciekaj\u0105c na cia\u0142o, pokry\u0142a je rodzajem pow\u0142oki przezroczystej jak alabaster: Bowiem krople wody z kamienia pieczary, w kt\u00f3rej \u017cy\u0142a, kapi\u0105c i w kamie\u0144 si\u0119 obracaj\u0105c, cia\u0142o otoczy\u0142y, pochowa\u0142y, zamkn\u0119\u0142y &#8211; jak bursztyn \u015bwie\u017cy (zasklepia) \u017cyj\u0105tka &#8211; i nad nim kamie\u0144 na dwie dobre pi\u0119dzi gruby jak grobowiec jaki\u015b znaczny wybudowa\u0142y. W tym to grobie godnie pochowane i ludziom niewiadome le\u017ca\u0142o (&#8230;) cia\u0142o \u015bw. Rozalii (O. Fryderyk Szembek, Informatia Krotka, Toru\u0144 1630).<br \/>\nPrzedstawione informacje pochodz\u0105 z \u017cywot\u00f3w \u015bwi\u0119tej, pisanych g\u0142\u00f3wnie w XVII wieku, kt\u00f3re w znacznej mierze opieraj\u0105 si\u0119 na miejscowych podaniach i legendach. Pewne jest to, \u017ce \u015bw. Rozalia \u017cy\u0142a w XII wieku i za\u0142o\u017cy\u0142a pustelni\u0119 w grocie w okolicach Palermo<br \/>\nna Sycylii.<br \/>\nPodanie g\u0142osi, \u017ce podczas znalezienia relikwii mia\u0142a usta\u0107 zaraza, kt\u00f3ra w\u00f3wczas n\u0119ka\u0142a Palermo i ca\u0142\u0105 okolic\u0119. Od tego czasu zacz\u0105\u0142 si\u0119 kult, a \u015bw. Rozalia jest wzywana jako patronka chroni\u0105ca od zarazy. Czterdzie\u015bci dni p\u00f3\u017aniej w innej grocie (wed\u0142ug poda\u0144 pierwszym miejscu pobytu Rozalii) odkryto na \u015bcianie wyryty r\u0119k\u0105 \u015bwi\u0119tej napis: Ja, Rozalia, c\u00f3rka Sinibalda, postanowi\u0142am \u017cy\u0107 w tej grocie dla mi\u0142o\u015bci mego Pana, Jezusa Chrystusa.<\/p>\n<p>Imi\u0119 \u015bw. Rozalii wpisa\u0142 do Martyrologium Rzymskiego papie\u017c Urban VIII w 1630 r.,<br \/>\na 4 wrze\u015bnia wyznaczono na Jej doroczne wspomnienie w liturgii.<\/p>\n<p>Chc\u0105c upami\u0119tni\u0107 t\u0119 niezwyk\u0142\u0105 posta\u0107, w katedrze w Palermo zbudowano osobn\u0105 kaplic\u0119, gdzie umieszczono relikwie. Na g\u00f3rze Monte Pellegrino wzniesiono ko\u015bci\u00f3\u0142,<br \/>\na w grocie utworzono kaplic\u0119. Do dzi\u015b w Palermo 15 lipca odbywa si\u0119 uroczysta procesja<br \/>\nku czci Rozalii, w ten spos\u00f3b ca\u0142e miasto i okolice \u015bwi\u0119tuj\u0105 pami\u0105tk\u0119 odnalezienia relikwii. Natomiast 4 wrze\u015bnia pielgrzymi w\u0119druj\u0105 do groty na Monte Pellegrino.<br \/>\nAtrybutem \u015awi\u0119tej s\u0105: czaszka, grota, w kt\u00f3rej mieszka\u0142a, wieniec z r\u00f3\u017c, lilia, ksi\u0119ga, krzy\u017c, r\u00f3\u017caniec. Przedstawiana jest jako dziewczyna (pokutnica) w stroju z epoki. Wzywana w obronie przed zarazami i chorobami zaka\u017anymi, to tak\u017ce patronka: Palermo, Sycylii, Wenezueli.<\/p>\n<p>Kult \u015bw. Rozalii w Polsce<br \/>\nDo Polski relikwie \u015bw. Rozalii sprowadzono staraniem jezuit\u00f3w 25 lipca 1630 r. Pocz\u0105tkowo znajdowa\u0142y si\u0119 tylko w krakowskich ko\u015bcio\u0142ach pod wezwaniem: \u015bw. Barbary oraz \u015bw. Piotra i \u015bw. Paw\u0142a. Obecnie w Polsce \u015bwi\u0119ta Rozalia jest patronk\u0105 w osiemnastu parafiach, a w niemal 290 innych wsp\u00f3lnotach i muzeach na terenie kraju znajduj\u0105 si\u0119 po\u015bwi\u0119cone jej kapliczki, feretrony, obrazy, relikwie, figury, p\u0142askorze\u017aby i freski.<br \/>\nNasza Patronka \u015bw. Rozalia jest jedyn\u0105 \u015bwi\u0119t\u0105 o tym imieniu, kt\u00f3re zapewne powsta\u0142o<br \/>\nz po\u0142\u0105czenia \u0142aci\u0144skich s\u0142\u00f3w: rosa \u2013 r\u00f3\u017ca i lilium \u2013 lilia. Nawi\u0105zuje ono do wspomnianego podania, m\u00f3wi\u0105cego o narodzinach \u015bwi\u0119tej.<\/p>\n<p>\u015awi\u0119ta Rozalia w Zagna\u0144sku<br \/>\nBiskup krakowski Andrzej Trzebicki z w\u0142asnych funduszy wybudowa\u0142 nasz ko\u015bci\u00f3\u0142: \u201e(\u2026) maj\u0105cy posadzk\u0119 ciosow\u0105. D\u0142ugo\u015b\u0107 ko\u015bcio\u0142a wynosi\u0142a 42 \u0142okcie, szeroko\u015b\u0107 18 \u0142okci, wysoko\u015b\u0107 15 \u0142okci\u201d. Tablica, znajduj\u0105ca si\u0119 w \u015bwi\u0105tyni, zawiera informacj\u0119 o konsekracji dokonanej przez biskupa fundatora 30 maja 1677 r.<br \/>\nWykuty napis w j\u0119zyku \u0142aci\u0144skim g\u0142osi, m.in.: \u201e1677 roku, dnia 30 maja. Najja\u015bniejszy<br \/>\ni najdostojniejszy Andrzej Trzebicki, z \u0142aski Bo\u017cej i Stolicy Apostolskiej, biskup krakowski, ksi\u0105\u017c\u0119 siewierski konsekrowa\u0142 ten ko\u015bci\u00f3\u0142 na cze\u015b\u0107 i chwa\u0142\u0119 Boga wszechmog\u0105cego<br \/>\ni dla uczczenia \u015bwi\u0119tej Rozalii Dziewicy i \u015bwi\u0119tego Marcina Biskupa i Wyznawcy \u2026\u201d<\/p>\n<p>Obraz Patronki parafii &#8211; \u015bw. Rozalii &#8211; zas\u0142yn\u0105\u0142 jako cudowny podczas epidemii tyfusu<br \/>\ni cholery na Kielecczy\u017anie w pierwszej po\u0142owie XIX wieku. Dlatego w tym okresie kult \u015bw. Rozalii w naszym ko\u015bciele bardzo si\u0119 rozwin\u0105\u0142. \u015awiadcz\u0105 o tym wpisy w \u017ar\u00f3d\u0142ach ko\u015bcielnych. W sporz\u0105dzonym przez ks. Izydora Grell\u0119 w 1872 r. opisie ko\u015bcio\u0142a czytamy: \u201eDo weselszych chwil Ko\u015bcio\u0142a zaliczy\u0107 o\u015bmielam si\u0119 te ci\u0105g\u0142e zamawiane Nabo\u017ce\u0144stwa przez okolicznych mieszka\u0144c\u00f3w przed o\u0142tarzem \u015awi\u0119tej Rozalii &#8211; Patronki od morowego powietrza &#8211; albowiem podczas grasuj\u0105cych cz\u0119sto chor\u00f3b: cholery, powietrza, tyfus\u00f3w, zarazy na byd\u0142o i og\u00f3lnego pomorku &#8211; pobo\u017cni formuj\u0105c si\u0119 w znaczne oddzia\u0142y, w\u015br\u00f3d pieni pobo\u017cnych na ustach i duszy, w\u015br\u00f3d chor\u0105gwi i odg\u0142osu parafialnego b\u0119bna, przyci\u0105gaj\u0105c w\u015br\u00f3d znoju, kurzawy i upa\u0142u do Zagna\u0144ska, a padaj\u0105c na kolana przed O\u0142tarzem \u015awi\u0119tej Rozalii &#8211; b\u0142agaj\u0105 Boga, aby za przyczyn\u0105 tej \u015awi\u0119tej Pustelnicy, nieszcz\u0119\u015bcia chor\u00f3b raczy\u0142<br \/>\nod nich oddali\u0107, kar\u0119 za grzechy zas\u0142u\u017con\u0105 darowa\u0107 (\u2026). Corocznie prawie Obywatele Kielc zebrawszy si\u0119 licznie, bo po 800 razem, pod przewodnictwem Duchownym jednego z Xi\u0119\u017cy Wikaryusz\u00f3w Kieleckich, przychodz\u0105 tu na Nabo\u017ce\u0144stwo do \u015awi\u0119tej Rozalii szukaj\u0105c pociechy duszy i oddalenia wszelkich niepowodze\u0144 i nieszcz\u0119\u015b\u0107, jakie cudowna Opatrzno\u015b\u0107<br \/>\nna grzesznik\u00f3w zsy\u0142a\u201d.<\/p>\n<p>Trzydzie\u015bci lat p\u00f3\u017aniej ks. A. Czarkowski zanotuje: \u201e Na ten odpust zaprasza si\u0119 ksi\u0119\u017cy z s\u0105siednich parafii i przychodz\u0105 kompanie z s\u0105siednich parafii, bo obraz \u015bw. Rozalii lud uwa\u017ca (\u017ce) jest cudowny, bo wielu dozna\u0142o \u0142ask od Boga, szczeg\u00f3lnie podczas epidemii cholery\u201d.<\/p>\n<p>Relikwie \u015bw. Rozalii w Zagna\u0144sku<br \/>\nW niedziel\u0119, 15 listopada 1970 roku, biskup sufragan kielecki dr Edward Materski przekaza\u0142 relikwie patronki \u015bw. Rozalii do ko\u015bcio\u0142a. W dokumentach parafialnych czytamy: \u201e(\u2026) oficjalnie przekazali\u015bmy miejscowemu proboszczowi ks. kanonikowi Janowi Kurczabowi, relikwie \u015bw. Rozalii, patronki tutejszego ko\u015bcio\u0142a, osobi\u015bcie przywiezione przez Nas z Rzymu na pro\u015bb\u0119 wspomnianego ksi\u0119dza kanonika. Relikwie te, umieszczone w nowo sporz\u0105dzonym relikwiarzu, po uczczeniu przez zebrane duchowie\u0144stwo, zosta\u0142y przeniesione w procesji do ko\u015bcio\u0142a. Uroczysto\u015b\u0107 zgromadzi\u0142a wielk\u0105 liczb\u0119 parafian (\u2026)\u201d.<br \/>\nNa zako\u0144czenie ksi\u0105dz biskup poleci\u0142 opiece \u015bw. Rozalii ca\u0142\u0105 parafi\u0119.<br \/>\nRelikwiarz wykonany jest z poz\u0142acanego metalu w kszta\u0142cie krzy\u017ca ustawionego<br \/>\nna okr\u0105g\u0142ej podstawie. Na trzonie znajduje si\u0119 metalowy talerzyk, wy\u017cej umieszczona jest ozdobiona wie\u0144cem z rubin\u00f3w puszka z relikwiami \u015bw. Rozalii. G\u00f3rne ramiona krzy\u017ca znajduj\u0105 si\u0119 na tle utworzonym przez symbole czterech Ewangelist\u00f3w.<br \/>\n\u015aw. Rozalia w \u015bwi\u0105tyni<br \/>\nO\u0142tarz \u015bwi\u0119tej Rozalii del Pellegrino zosta\u0142 wykonany z drewna w XVII wieku. Centralne miejsce zajmuje obraz przedstawiaj\u0105cy modl\u0105c\u0105 si\u0119 do Matki Boskiej \u015bw. Rozali\u0119, kt\u00f3ra ubrana jest w bia\u0142\u0105 sukni\u0119, zielon\u0105 tunik\u0119 i b\u0142\u0119kitn\u0105 opo\u0144cz\u0119. Na g\u0142owie srebrzy si\u0119 ksi\u0105\u017c\u0119ca korona. U st\u00f3p naszej patronki le\u017cy otwarta ksi\u0105\u017cka z krzy\u017cem w\u0142o\u017conym mi\u0119dzy karty. Matka Boska z Dzieci\u0105tkiem unosi si\u0119 w chmurach i spogl\u0105da na swoj\u0105 s\u0142u\u017cebnic\u0119.<br \/>\nNa \u0142ukowatym zwie\u0144czeniu obrazu umieszczono srebrny kartusz z napisem St. Rosalia ora pro nobis (\u015aw. Rozalio m\u00f3dl si\u0119 za nami). Nad kartuszem widnieje promienista gloria<br \/>\nze splecionymi literami SR (Santa Rosalia). Ca\u0142o\u015b\u0107 wykonano z wielkim smakiem<br \/>\ni kunsztem. Na zielonym tle o\u0142tarza umieszczono z\u0142ocone ozdoby ro\u015blinne. Kiedy\u015b na mensie tego o\u0142tarza sta\u0142o drewniane, poz\u0142acane w \u015brodku tabernakulum, w nim przechowywany by\u0142 Naj\u015bwi\u0119tszy Sakrament podczas 40 godzinnego nabo\u017ce\u0144stwa. Po wykonaniu ostatnich prac konserwatorskich o\u0142tarz nabra\u0142 nowego blasku.<\/p>\n<p>\u015aw. Rozalia w \u015bwi\u0105tyni<br \/>\nNa wschodniej cz\u0119\u015bci kopu\u0142y frontalnej na obrazach przedstawione s\u0105 trzy sceny<br \/>\nz \u017cycia \u015bw. Rozalii. Polichromi\u0119 w stylu neobarokowym na zlecenie ks. J\u00f3zefa Piwowarczyka wykonali w latach 1978 &#8211; 79 Kazimierz Morway, Jadwiga i Jerzy Sznajderowie. Obrazy przedstawiaj\u0105: \u015bw. Rozali\u0119 w adoracji dzieci\u0105tka Jezus, drugi &#8211; \u017cegnaj\u0105c\u0105 si\u0119 z rodzin\u0105 i bliskimi, a trzeci &#8211; przyjmuj\u0105c\u0105 krzy\u017c .<br \/>\nKult naszej Patronki widoczny jest tak\u017ce poza \u015bwi\u0105tyni\u0105, np. w miejscowo\u015bci Chrusty stoi kapliczka pochodz\u0105ca z drugiej po\u0142owy XVIII wieku. Wewn\u0105trz znajduje si\u0119 posta\u0107 \u015bwi\u0119tej Rozalii, kt\u00f3ra przedstawiona jest w formie drewnianej, polichromowanej rze\u017aby o wysoko\u015bci 89 cm. Wykonana zosta\u0142a w stylu p\u00f3\u017anobarokowym przez nieznanego artyst\u0119 lokalnego.<br \/>\n\u015awi\u0119ta stoi na niskim piedestale z praw\u0105 nog\u0105 lekko wysuni\u0119t\u0105, zgi\u0119t\u0105 w kolanie, podpart\u0105 o podwy\u017cszenie: prawa r\u0119ka jest podniesiona na wysoko\u015b\u0107 piersi, r\u00f3wnoleg\u0142a do niej lewa, nieco opuszczona, zgi\u0119ta i wysuni\u0119ta; g\u0142owa \u2013 o m\u0142odych rysach twarzy \u2013 skr\u0119cona<br \/>\nw kierunku lewego ramienia. \u015awi\u0119ta ukazana jest w d\u0142ugiej, b\u0142\u0119kitnej sukni o zawini\u0119tych<br \/>\ndo \u0142okci r\u0119kawach, si\u0119gaj\u0105cej do bosych st\u00f3p, podszytej bia\u0142\u0105 tkanin\u0105 oraz w silnie pofa\u0142dowanym, ciemnoczerwono &#8211; ugrowym p\u0142aszczu na plecach, prze-rzuconym przez biodra na brzuch. W\u0142osy ma zaczesane do g\u00f3ry &#8211; pukle s\u0105 bordowe, takie same usta,<br \/>\na karnacja r\u00f3\u017cowa.<br \/>\nObecno\u015b\u0107 naszej patronki widoczna jest do dzi\u015b. Przyk\u0142adem mo\u017ce by\u0107 przekazanie przez rodzin\u0119 pp\u0142ka Mieczys\u0142awa Bia\u0142kiewicza, jako wota dzi\u0119kczynne za opiek\u0119 \u015bw. Rozalii, jego odznacze\u0144, zdobytych podczas II wojny \u015bwiatowej. Mieczys\u0142aw Bia\u0142kiewicz urodzi\u0142 si\u0119 20 grudnia 1919 r. w Zagna\u0144sku i zosta\u0142 ochrzczony w naszym ko\u015bciele parafialnym.<br \/>\nW Dniu Papieskim 2011 r. dla uczczenia beatyfikacji Jana Paw\u0142a II, jako dar dzi\u0119kczynny, rodzina Pa\u0144stwa Grudzieckich przekaza\u0142a do ko\u015bcio\u0142a chor\u0105giew, przedstawiaj\u0105c\u0105 z jednej strony wizerunek Ojca \u015awi\u0119tego, a z drugiej \u015bw. Rozali\u0119.<br \/>\nPrzygotowa\u0142: Roman Piskulak<\/p>\n ","protected":false},"excerpt":{"rendered":"<p>4 wrze\u015bnia to dzie\u0144 naszej Patronki \u015bw. Rozalii (nazywanej tak\u017ce Ma\u0142\u0105 \u015awi\u0119t\u0105 \u2014 la Santuzza) &#8211; potomkini Karola Wielkiego, kt\u00f3ra porzuci\u0142a \u017cycie [&hellip;]<\/p>\n","protected":false},"author":1,"featured_media":0,"comment_status":"closed","ping_status":"closed","sticky":false,"template":"","format":"standard","meta":{"_acf_changed":false,"jetpack_post_was_ever_published":false,"_jetpack_newsletter_access":"","_jetpack_dont_email_post_to_subs":false,"_jetpack_newsletter_tier_id":0,"_jetpack_memberships_contains_paywalled_content":false,"_jetpack_memberships_contains_paid_content":false,"footnotes":"","jetpack_publicize_message":"","jetpack_publicize_feature_enabled":true,"jetpack_social_post_already_shared":false,"jetpack_social_options":{"image_generator_settings":{"template":"highway","enabled":false},"version":2}},"categories":[6],"tags":[],"class_list":["post-121","post","type-post","status-publish","format-standard","hentry","category-patronowie"],"jetpack_publicize_connections":[],"acf":[],"jetpack_featured_media_url":"","jetpack_sharing_enabled":true,"jetpack_shortlink":"https:\/\/wp.me\/paz7cl-1X","_links":{"self":[{"href":"http:\/\/www.rozalia-zagnansk.pl\/index.php?rest_route=\/wp\/v2\/posts\/121","targetHints":{"allow":["GET"]}}],"collection":[{"href":"http:\/\/www.rozalia-zagnansk.pl\/index.php?rest_route=\/wp\/v2\/posts"}],"about":[{"href":"http:\/\/www.rozalia-zagnansk.pl\/index.php?rest_route=\/wp\/v2\/types\/post"}],"author":[{"embeddable":true,"href":"http:\/\/www.rozalia-zagnansk.pl\/index.php?rest_route=\/wp\/v2\/users\/1"}],"replies":[{"embeddable":true,"href":"http:\/\/www.rozalia-zagnansk.pl\/index.php?rest_route=%2Fwp%2Fv2%2Fcomments&post=121"}],"version-history":[{"count":1,"href":"http:\/\/www.rozalia-zagnansk.pl\/index.php?rest_route=\/wp\/v2\/posts\/121\/revisions"}],"predecessor-version":[{"id":122,"href":"http:\/\/www.rozalia-zagnansk.pl\/index.php?rest_route=\/wp\/v2\/posts\/121\/revisions\/122"}],"wp:attachment":[{"href":"http:\/\/www.rozalia-zagnansk.pl\/index.php?rest_route=%2Fwp%2Fv2%2Fmedia&parent=121"}],"wp:term":[{"taxonomy":"category","embeddable":true,"href":"http:\/\/www.rozalia-zagnansk.pl\/index.php?rest_route=%2Fwp%2Fv2%2Fcategories&post=121"},{"taxonomy":"post_tag","embeddable":true,"href":"http:\/\/www.rozalia-zagnansk.pl\/index.php?rest_route=%2Fwp%2Fv2%2Ftags&post=121"}],"curies":[{"name":"wp","href":"https:\/\/api.w.org\/{rel}","templated":true}]}}