{"id":1189,"date":"2018-10-21T00:34:43","date_gmt":"2018-10-21T00:34:43","guid":{"rendered":"http:\/\/www.rozalia-zagnansk.pl\/?p=1189"},"modified":"2018-10-21T00:34:43","modified_gmt":"2018-10-21T00:34:43","slug":"ogloszenia-duszpasterskie-21-10-2018-r","status":"publish","type":"post","link":"http:\/\/www.rozalia-zagnansk.pl\/?p=1189","title":{"rendered":"Og\u0142oszenia duszpasterskie 21.10.2018 r."},"content":{"rendered":"<p style=\"text-align: center;\"><strong>Og\u0142oszenia duszpasterskie 21.10.2018 r. <\/strong><\/p>\n<p>Nie takiego bowiem mamy arcykap\u0142ana, kt\u00f3ry by nie m\u00f3g\u0142 wsp\u00f3\u0142czu\u0107 naszym s\u0142abo\u015bciom, lecz poddanego pr\u00f3bie pod ka\u017cdym wzgl\u0119dem podobnie jak my \u2013 z wyj\u0105tkiem grzechu. B\u00f3g wszed\u0142 w los cz\u0142owieka, do\u015bwiadczony we wszystkim opr\u00f3cz grzechu. Czy my potrafimy mie\u0107 taki dar empatii \u2013 wsp\u00f3\u0142czucia, aby zrozumie\u0107 drugiego. Nigdy do ko\u0144ca, nie wiemy co si\u0119 kryje w ludzkim sercu. Tote\u017c nie jeste\u015bmy w stanie czu\u0107 z innymi. Jezus jest Tym, kt\u00f3ry nie tylko wszed\u0142 w ludzk\u0105 histori\u0119, wzi\u0105\u0142 j\u0105 na siebie, ale dlatego, \u017ce \u017cyje, ci\u0105gle mo\u017ce wsp\u00f3\u0142odczuwa\u0107 z cz\u0142owiekiem. Z tob\u0105 i ze mn\u0105. Miej odwag\u0119 i zaufanie, aby Mu powierzy\u0107 do ko\u0144ca swoje \u017cycie. Do\u015bwiadczysz niezwyk\u0142ego pokoju, chocia\u017c twoja codzienno\u015b\u0107 si\u0119 nie zmieni radykalnie, ale ty b\u0119dziesz inaczej prze\u017cywa\u0142 sw\u00f3j los. Czy Mu zaufasz ?<\/p>\n<p>\u015aw. Jan Pawe\u0142 II powiedzia\u0142: &#8222;R\u00f3\u017caniec. Ta prosta i g\u0142\u0119boka modlitwa pomaga rozwa\u017ca\u0107 \u017cycie Chrystusa i tajemnice zbawienia. Dzi\u0119ki nieustannemu przyzywaniu Maryi oddala niebezpiecze\u0144stwo rozpadu rodziny; jest niezawodn\u0105 wi\u0119zi\u0105 komunii i pokoju. Zach\u0119cam wszystkich, a w szczeg\u00f3lny spos\u00f3b chrze\u015bcija\u0144skie rodziny, aby pod\u0105\u017caj\u0105c codzienn\u0105 drog\u0105 wierno\u015bci, szuka\u0142y w r\u00f3\u017ca\u0144cu umocnienia i oparcia&#8221;. Zapraszam w poniedzia\u0142ek: klasy I \u2013 III, wtorek R\u00f3\u017ce \u017bywego R\u00f3\u017ca\u0144ca, \u015brod\u0119 klasy IV \u2013 VII, czwartek: Margaretki, pi\u0105tek: m\u0142odzie\u017c do bierzmowania w te dni o godz. 17.00. \u00a0W sobot\u0119 o godz. 8.00 Odnowa w Duchu \u015awi\u0119tym. Prosz\u0119 we\u017amy r\u00f3\u017caniec do r\u0119ki. Matka Boga nas nie opu\u015bci.<\/p>\n<p>W poniedzia\u0142ek <strong>40 rocznica inauguracji pontyfikatu Jana Paw\u0142a II<\/strong>. Wspomnienie liturgiczne \u2013 zapraszam na godz. 17.00 W \u015brod\u0119 zapraszam na Nowenn\u0119 do M.B.N.P. na godz. 17.00.<\/p>\n<p>Przyjmujemy na wypominki. Zbawienn\u0105 jest modlitwa, za naszych zmar\u0142ych. Na stolikach s\u0105 wy\u0142o\u017cone karteczki na wypominki.<\/p>\n<p>Dzi\u0119kuj\u0119 si\u00f3dmej gr. Rodzin z Belna troszcz\u0105cych si\u0119 o ko\u015bci\u00f3\u0142 oraz ofiar\u0119 220 z\u0142. B\u00f3g zap\u0142a\u0107. Msza \u015bw. w Ich int. w \u015brod\u0119 na Nowennie do M.B.N.P. Zapraszam w sobot\u0119 ostatnie dwie grupy z Belna, dobrze gdyby przysz\u0142o dwadzie\u015bcia os\u00f3b, bowiem b\u0119dzie generalne sprz\u0105tanie po remoncie w ko\u015bciele i wok\u00f3\u0142 Ko\u015bcio\u0142a.<\/p>\n<p>Dzisiaj ma miejsce tradycyjne liczenie wiernych i os\u00f3b przyst\u0119puj\u0105cych do komunii \u015bw. Prosz\u0119 o wyj\u015bcie ze \u015bwi\u0105tyni g\u0142\u00f3wnym wyj\u015bciem i powoli, aby umo\u017cliwi\u0107 sprawne policzenie.<\/p>\n<p>B\u00f3g zap\u0142a\u0107 za tac\u0119 na cele inwestycyjne, z\u0142o\u017cyli\u015bcie kwot\u0119 5759 z\u0142. oraz na Dzie\u0142o III Tysi\u0105clecia, z\u0142o\u017cyli\u015bcie kwot\u0119 1745 z\u0142. Koszt inwestycji zamknie si\u0119 kwot\u0105 ok. 150\u00a0000 z\u0142.<\/p>\n<p>Niebawem \u201eDzie\u0144 Wszystkich \u015awi\u0119tych\u201d. Prosz\u0119 posprz\u0105ta\u0107 groby swoich bliskich, oraz zadba\u0107 o opuszczone groby. Prosz\u0119, aby \u015bmieci trafia\u0142y do kontener\u00f3w oraz prosz\u0119 nie robi\u0107 \u201edzikich wysypisk\u201d. W nowych tablicach og\u0142osze\u0144 pojawi si\u0119 w tym tygodniu regulamin cmentarza. Przypominam o koniecznym przed\u0142u\u017ceniu rezerwacji grobu po dwudziestu latach, je\u017celi mamy zamiar go utrzymywa\u0107. Zgodnie z prawem cywilnym po tym czasie groby mog\u0105 by\u0107 likwidowane. Kancelaria w tym tygodniu b\u0119dzie czynna we wtorek, \u015brod\u0119, czwartek od godz. 15.00 do 16.30.<\/p>\n<p><a href=\"http:\/\/www.rozalia-zagnansk.pl\/wp-content\/uploads\/2018\/10\/Niedzielnik-2018.10.21.pdf\">Niedzielnik 2018.10.21<\/a><\/p>\n ","protected":false},"excerpt":{"rendered":"<p>Og\u0142oszenia duszpasterskie 21.10.2018 r. Nie takiego bowiem mamy arcykap\u0142ana, kt\u00f3ry by nie m\u00f3g\u0142 wsp\u00f3\u0142czu\u0107 naszym s\u0142abo\u015bciom, lecz poddanego pr\u00f3bie pod ka\u017cdym wzgl\u0119dem [&hellip;]<\/p>\n","protected":false},"author":1,"featured_media":0,"comment_status":"closed","ping_status":"open","sticky":false,"template":"","format":"standard","meta":{"_acf_changed":false,"jetpack_post_was_ever_published":false,"_jetpack_newsletter_access":"","_jetpack_dont_email_post_to_subs":false,"_jetpack_newsletter_tier_id":0,"_jetpack_memberships_contains_paywalled_content":false,"_jetpack_memberships_contains_paid_content":false,"footnotes":"","jetpack_publicize_message":"","jetpack_publicize_feature_enabled":true,"jetpack_social_post_already_shared":false,"jetpack_social_options":{"image_generator_settings":{"template":"highway","enabled":false},"version":2}},"categories":[3],"tags":[],"class_list":["post-1189","post","type-post","status-publish","format-standard","hentry","category-ogloszenia"],"jetpack_publicize_connections":[],"acf":[],"jetpack_featured_media_url":"","jetpack_sharing_enabled":true,"jetpack_shortlink":"https:\/\/wp.me\/paz7cl-jb","_links":{"self":[{"href":"http:\/\/www.rozalia-zagnansk.pl\/index.php?rest_route=\/wp\/v2\/posts\/1189","targetHints":{"allow":["GET"]}}],"collection":[{"href":"http:\/\/www.rozalia-zagnansk.pl\/index.php?rest_route=\/wp\/v2\/posts"}],"about":[{"href":"http:\/\/www.rozalia-zagnansk.pl\/index.php?rest_route=\/wp\/v2\/types\/post"}],"author":[{"embeddable":true,"href":"http:\/\/www.rozalia-zagnansk.pl\/index.php?rest_route=\/wp\/v2\/users\/1"}],"replies":[{"embeddable":true,"href":"http:\/\/www.rozalia-zagnansk.pl\/index.php?rest_route=%2Fwp%2Fv2%2Fcomments&post=1189"}],"version-history":[{"count":1,"href":"http:\/\/www.rozalia-zagnansk.pl\/index.php?rest_route=\/wp\/v2\/posts\/1189\/revisions"}],"predecessor-version":[{"id":1191,"href":"http:\/\/www.rozalia-zagnansk.pl\/index.php?rest_route=\/wp\/v2\/posts\/1189\/revisions\/1191"}],"wp:attachment":[{"href":"http:\/\/www.rozalia-zagnansk.pl\/index.php?rest_route=%2Fwp%2Fv2%2Fmedia&parent=1189"}],"wp:term":[{"taxonomy":"category","embeddable":true,"href":"http:\/\/www.rozalia-zagnansk.pl\/index.php?rest_route=%2Fwp%2Fv2%2Fcategories&post=1189"},{"taxonomy":"post_tag","embeddable":true,"href":"http:\/\/www.rozalia-zagnansk.pl\/index.php?rest_route=%2Fwp%2Fv2%2Ftags&post=1189"}],"curies":[{"name":"wp","href":"https:\/\/api.w.org\/{rel}","templated":true}]}}