{"id":1186,"date":"2018-10-13T22:08:40","date_gmt":"2018-10-13T22:08:40","guid":{"rendered":"http:\/\/www.rozalia-zagnansk.pl\/?p=1186"},"modified":"2018-10-13T22:08:40","modified_gmt":"2018-10-13T22:08:40","slug":"ogloszenia-duszpasterskie-14-10-2018-r","status":"publish","type":"post","link":"http:\/\/www.rozalia-zagnansk.pl\/?p=1186","title":{"rendered":"Og\u0142oszenia duszpasterskie 14.10.2018 r."},"content":{"rendered":"<p style=\"text-align: center;\"><strong>Og\u0142oszenia duszpasterskie 14.10.2018 r. <\/strong><\/p>\n<p>\u00abNauczycielu dobry, co mam czyni\u0107, aby osi\u0105gn\u0105\u0107 \u017cycie wieczne?\u00bb Bardzo wa\u017cne pytanie postawione Jezusowi przez tzw. bogatego m\u0142odzie\u0144ca. \u017bycia nie mo\u017cna ograniczy\u0107 tylko do legalizmu, czyli wype\u0142niania tego co konieczne, co wynika z prawa i obowi\u0105zk\u00f3w. Jestem dobrym ojcem, dobr\u0105 matk\u0105, dobrym dzieckiem. Nale\u017cycie wype\u0142niam swoje obowi\u0105zki, modl\u0119 si\u0119 codziennie, w niedziel\u0119 chodz\u0119 do ko\u015bcio\u0142a. Niby wszystko w porz\u0105dku, a nie ma rado\u015bci \u017cycia, byle sytuacja wyprowadza z r\u00f3wnowagi, o drobiazgi mam pretensje. Opinia o moim braku zaanga\u017cowania wywo\u0142uje frustracje. Co si\u0119 dzieje ? Jezus m\u00f3wi dzisiaj o potrzebie radykalizmu. Sprzedaj wszystko co masz. Pozb\u0105d\u017a si\u0119 ludzkich zabezpiecze\u0144 i wtedy p\u00f3jd\u017a za Mn\u0105. Co to dla mnie znaczy, zacznij sobie zadawa\u0107 pytanie: co Jezus by zrobi\u0142 na Twoim miejscu, by\u0142by minimalist\u0105 ? Nie ! droga wiary, to jak m\u00f3wi\u0142a jedna \u015bwi\u0119ta, to na zab\u00f3j, do ko\u0144ca. Je\u015bli kto\u015b straci swoje \u017cycie dla Mnie i mojej Ewangelii, znajdzie je na \u017cycie wieczne. Czy odejdziesz dzisiaj smutny\u2026<\/p>\n<p>&nbsp;<\/p>\n<p>Nieustannie zapraszam w tygodniu na r\u00f3\u017caniec : w poniedzia\u0142ki \u2013 dzieci klas I \u2013 III, wtorki R\u00f3\u017ce \u017bywego R\u00f3\u017ca\u0144ca z Zache\u0142mia, \u015brody \u2013 dzieci klas IV \u2013 VII, czwartki &#8211; Margaretka, pi\u0105tki \u2013 m\u0142odzie\u017c do bierzmowania &#8211;\u00a0 o godz. 17.00. Przykre, \u017ce nie ma praktycznie dzieci na r\u00f3\u017ca\u0144cu, no ale c\u00f3\u017c si\u0119 dziwi\u0107, jak nie ma Rodzic\u00f3w \u2013 Dziadk\u00f3w. Moi Drodzy, \u017ceby nie by\u0142o za p\u00f3\u017ano. Swoim zaanga\u017cowaniem lub jego brakiem dajecie podwaliny pod doros\u0142o\u015b\u0107 Waszych dzieci. Dziwicie si\u0119, \u017ce \u017cyj\u0105 w zwi\u0105zkach niesakramentalnych, odchodz\u0105 od Ko\u015bcio\u0142a a mo\u017ce si\u0119 ju\u017c nie dziwicie i dajecie przyzwolenie. Prosz\u0119 we\u017amy r\u00f3\u017caniec do r\u0119ki. Matka Boga nas nie opu\u015bci.<\/p>\n<p>We wtorek <strong>40 rocznica wyboru Kard. Karola Wojty\u0142y<\/strong> na stolic\u0119 Piotrow\u0105. Pami\u0119tasz tamt\u0105 rado\u015b\u0107 i dum\u0119. Podzi\u0119kuj Panu Bogu, za ten niezwyk\u0142y dar. Zapraszam na msz\u0119 \u015bw. po\u0142\u0105czon\u0105 z Nowenn\u0105 za przyczyn\u0105 \u015bw. Jana Paw\u0142a II i uczczeniem Jego relikwii.<\/p>\n<p>W pi\u0105tek 19.10 po r\u00f3\u017ca\u0144cu oko\u0142o 17.30, rozpoczniemy msz\u0119 \u015bw. wotywn\u0105 do Ducha \u015awi\u0119tego <strong>o dar uzdrowienia i wiecz\u00f3r uwielbienia.<\/strong> Przyjd\u017a do\u015bwiadczy\u0107 mocy Zmartwychwsta\u0142ego Pana. Jezus wczoraj i dzi\u015b ten sam!<\/p>\n<p>Po niedzieli dotr\u0105 do Waszych dom\u00f3w z osobistym zaproszeniem na misje \u015bwi\u0119te, przedstawiciele parafii. Koperty adresowane do Rodzin, nie s\u0105 do zwrotu, um\u00f3wili\u015bmy si\u0119 na II Niedziele inwestycyjne. B\u00f3g zap\u0142a\u0107.<\/p>\n<p>Przyjmujemy na wypominki. Zbawienn\u0105 jest modlitwa, za naszych zmar\u0142ych. Na stolikach s\u0105 wy\u0142o\u017cone karteczki na wypominki, prosz\u0119 zabra\u0107 tylko konieczn\u0105 ilo\u015b\u0107.<\/p>\n<p>Dzi\u0119kuj\u0119 sz\u00f3stej gr. Rodzin z Belna troszcz\u0105cych si\u0119 o ko\u015bci\u00f3\u0142 oraz ofiar\u0119 240 z\u0142. B\u00f3g zap\u0142a\u0107. Msza \u015bw. w Ich int. we wtorek we wspomnienie wyboru \u015bw. Jana Paw\u0142a II. Zapraszam w sobot\u0119 kolejne 10\u00a0 os\u00f3b.<\/p>\n<p>Zbli\u017ca si\u0119 \u201eDzie\u0144 Wszystkich \u015awi\u0119tych\u201d. Prosz\u0119 posprz\u0105ta\u0107 groby swoich bliskich, dbaj\u0105c jednocze\u015bnie o czysto\u015b\u0107 ca\u0142ego cmentarza. Prosz\u0119, aby \u015bmieci trafia\u0142y do kontener\u00f3w oraz prosz\u0119 nie robi\u0107 \u201edzikich wysypisk\u201d. Odpowiedzialnym za koordynowanie prac\u0105 na cmentarzu jest P. Rafa\u0142 Moskal.<\/p>\n<p>Zbli\u017caj\u0105 si\u0119 wybory samorz\u0105dowe. Bardzo prosz\u0119 o modlitw\u0119 za siebie, aby przekonywanie do kandydat\u00f3w nie podzieli\u0142o naszej spo\u0142eczno\u015bci i zostali wskazani kandydaci, kt\u00f3rzy zagwarantuj\u0105 autentyczn\u0105 trosk\u0119 o sprawy spo\u0142eczne. Pro\u015bmy Ducha \u015awi\u0119tego o m\u0105dro\u015b\u0107 w dokonywanym wyborze. Sami odpowiedzialnie, we\u017amy udzia\u0142 w wyborach.<\/p>\n<p><a href=\"http:\/\/www.rozalia-zagnansk.pl\/wp-content\/uploads\/2018\/10\/Niedzielnik-2018.10.14.pdf\">Niedzielnik 2018.10.14<\/a><\/p>\n ","protected":false},"excerpt":{"rendered":"<p>Og\u0142oszenia duszpasterskie 14.10.2018 r. \u00abNauczycielu dobry, co mam czyni\u0107, aby osi\u0105gn\u0105\u0107 \u017cycie wieczne?\u00bb Bardzo wa\u017cne pytanie postawione Jezusowi przez tzw. bogatego m\u0142odzie\u0144ca. [&hellip;]<\/p>\n","protected":false},"author":1,"featured_media":0,"comment_status":"closed","ping_status":"open","sticky":false,"template":"","format":"standard","meta":{"_acf_changed":false,"jetpack_post_was_ever_published":false,"_jetpack_newsletter_access":"","_jetpack_dont_email_post_to_subs":false,"_jetpack_newsletter_tier_id":0,"_jetpack_memberships_contains_paywalled_content":false,"_jetpack_memberships_contains_paid_content":false,"footnotes":"","jetpack_publicize_message":"","jetpack_publicize_feature_enabled":true,"jetpack_social_post_already_shared":false,"jetpack_social_options":{"image_generator_settings":{"template":"highway","enabled":false},"version":2}},"categories":[3],"tags":[],"class_list":["post-1186","post","type-post","status-publish","format-standard","hentry","category-ogloszenia"],"jetpack_publicize_connections":[],"acf":[],"jetpack_featured_media_url":"","jetpack_sharing_enabled":true,"jetpack_shortlink":"https:\/\/wp.me\/paz7cl-j8","_links":{"self":[{"href":"http:\/\/www.rozalia-zagnansk.pl\/index.php?rest_route=\/wp\/v2\/posts\/1186","targetHints":{"allow":["GET"]}}],"collection":[{"href":"http:\/\/www.rozalia-zagnansk.pl\/index.php?rest_route=\/wp\/v2\/posts"}],"about":[{"href":"http:\/\/www.rozalia-zagnansk.pl\/index.php?rest_route=\/wp\/v2\/types\/post"}],"author":[{"embeddable":true,"href":"http:\/\/www.rozalia-zagnansk.pl\/index.php?rest_route=\/wp\/v2\/users\/1"}],"replies":[{"embeddable":true,"href":"http:\/\/www.rozalia-zagnansk.pl\/index.php?rest_route=%2Fwp%2Fv2%2Fcomments&post=1186"}],"version-history":[{"count":1,"href":"http:\/\/www.rozalia-zagnansk.pl\/index.php?rest_route=\/wp\/v2\/posts\/1186\/revisions"}],"predecessor-version":[{"id":1188,"href":"http:\/\/www.rozalia-zagnansk.pl\/index.php?rest_route=\/wp\/v2\/posts\/1186\/revisions\/1188"}],"wp:attachment":[{"href":"http:\/\/www.rozalia-zagnansk.pl\/index.php?rest_route=%2Fwp%2Fv2%2Fmedia&parent=1186"}],"wp:term":[{"taxonomy":"category","embeddable":true,"href":"http:\/\/www.rozalia-zagnansk.pl\/index.php?rest_route=%2Fwp%2Fv2%2Fcategories&post=1186"},{"taxonomy":"post_tag","embeddable":true,"href":"http:\/\/www.rozalia-zagnansk.pl\/index.php?rest_route=%2Fwp%2Fv2%2Ftags&post=1186"}],"curies":[{"name":"wp","href":"https:\/\/api.w.org\/{rel}","templated":true}]}}